{"id":9925,"date":"2021-02-18T17:14:57","date_gmt":"2021-02-18T16:14:57","guid":{"rendered":"https:\/\/www.francoisburgher.fr\/?p=9925"},"modified":"2021-02-18T17:34:16","modified_gmt":"2021-02-18T16:34:16","slug":"erwin-olaf-en-galerie-a-paris-2021","status":"publish","type":"post","link":"https:\/\/www.francoisburgher.fr\/fr\/erwin-olaf-en-galerie-a-paris-2021\/","title":{"rendered":"Erwin Olaf en galerie \u00e0 Paris 2021"},"content":{"rendered":"<h2 style=\"text-align: center;\">Visite de l\u2019exposition Erwin Olaf \u00e0 la galerie Rabouan Moussion, Paris 02\/2021<\/h2>\n<p>Photographe hollandais contemporain venant de passer la soixantaine, il pr\u00e9sente 40 ans de cr\u00e9ations multidisciplinaires sur 4 th\u00e8mes diff\u00e9rents\u2026<\/p>\n<p style=\"text-align: center;\"><a href=\"https:\/\/www.rabouanmoussion.com\/en\/artists\/erwin-olaf\">https:\/\/www.rabouanmoussion.com\/en\/artists\/erwin-olaf<\/a><\/p>\n<p>A l\u2019oppos\u00e9 du climat g\u00e9n\u00e9ral des \u0153uvres propos\u00e9es, entre r\u00e9alit\u00e9 crue, fantaisie sombre, \u00e9tranget\u00e9 des mises en sc\u00e8ne, provocations et symbolisme des situations\u2026 j\u2019ai choisi de rendre compte de la subjectivit\u00e9 de ma vision, par une lecture totalement diff\u00e9rente, fascin\u00e9 par l\u2019intensit\u00e9 des regards des personnages isol\u00e9s de leur contexte presque priv\u00e9 de leur d\u00e9cor ambiant.<\/p>\n<p>&nbsp;<\/p>\n<p style=\"text-align: center;\"><strong><em>Cliquer sur le lien pour ouvrir le dossier photo r\u00e9alis\u00e9<\/em><\/strong><\/p>\n<p style=\"text-align: center;\"><a href=\"https:\/\/www.francoisburgher.fr\/app\/uploads\/2021\/02\/ERWIT-OLAF-PARIS-2021-Maquette-PAYSAGE-expopptx-optimise.pdf\">https:\/\/www.francoisburgher.fr\/app\/uploads\/2021\/02\/ERWIT-OLAF-PARIS-2021-Maquette-PAYSAGE-expopptx-optimise.pdf<\/a><\/p>\n","protected":false},"excerpt":{"rendered":"<p>Visite de l\u2019exposition Erwin Olaf \u00e0 la galerie Rabouan Moussion, Paris 02\/2021 Photographe hollandais contemporain venant de passer la soixantaine, il pr\u00e9sente 40 ans de cr\u00e9ations multidisciplinaires sur 4 th\u00e8mes diff\u00e9rents\u2026 https:\/\/www.rabouanmoussion.com\/en\/artists\/erwin-olaf A l\u2019oppos\u00e9 du climat g\u00e9n\u00e9ral des \u0153uvres propos\u00e9es, entre r\u00e9alit\u00e9 crue, fantaisie sombre, \u00e9tranget\u00e9 des mises en sc\u00e8ne, provocations et symbolisme des situations\u2026 [&hellip;]<\/p>\n","protected":false},"author":2,"featured_media":9928,"comment_status":"open","ping_status":"open","sticky":false,"template":"","format":"standard","meta":{"_acf_changed":false,"footnotes":""},"categories":[1],"tags":[],"class_list":["post-9925","post","type-post","status-publish","format-standard","has-post-thumbnail","hentry","category-non-classifiee"],"acf":[],"yoast_head":"<!-- This site is optimized with the Yoast SEO plugin v27.3 - https:\/\/yoast.com\/product\/yoast-seo-wordpress\/ -->\n<title>Erwin Olaf en galerie \u00e0 Paris 2021 - Fran\u00e7ois Burgher<\/title>\n<meta name=\"robots\" content=\"index, follow, max-snippet:-1, max-image-preview:large, max-video-preview:-1\" \/>\n<link rel=\"canonical\" href=\"https:\/\/www.francoisburgher.fr\/fr\/erwin-olaf-en-galerie-a-paris-2021\/\" \/>\n<meta property=\"og:locale\" content=\"fr_FR\" \/>\n<meta property=\"og:type\" content=\"article\" \/>\n<meta property=\"og:title\" content=\"Erwin Olaf en galerie \u00e0 Paris 2021 - Fran\u00e7ois Burgher\" \/>\n<meta property=\"og:description\" content=\"Visite de l\u2019exposition Erwin Olaf \u00e0 la galerie Rabouan Moussion, Paris 02\/2021 Photographe hollandais contemporain venant de passer la soixantaine, il pr\u00e9sente 40 ans de cr\u00e9ations multidisciplinaires sur 4 th\u00e8mes diff\u00e9rents\u2026 https:\/\/www.rabouanmoussion.com\/en\/artists\/erwin-olaf A l\u2019oppos\u00e9 du climat g\u00e9n\u00e9ral des \u0153uvres propos\u00e9es, entre r\u00e9alit\u00e9 crue, fantaisie sombre, \u00e9tranget\u00e9 des mises en sc\u00e8ne, provocations et symbolisme des situations\u2026 [&hellip;]\" \/>\n<meta property=\"og:url\" content=\"https:\/\/www.francoisburgher.fr\/fr\/erwin-olaf-en-galerie-a-paris-2021\/\" \/>\n<meta property=\"og:site_name\" content=\"Fran\u00e7ois Burgher\" \/>\n<meta property=\"article:published_time\" content=\"2021-02-18T16:14:57+00:00\" \/>\n<meta property=\"article:modified_time\" content=\"2021-02-18T16:34:16+00:00\" \/>\n<meta property=\"og:image\" content=\"https:\/\/www.francoisburgher.fr\/app\/uploads\/2021\/02\/Capture-decran-2021-02-18-a-17.19.51.jpeg\" \/>\n\t<meta property=\"og:image:width\" content=\"1549\" \/>\n\t<meta property=\"og:image:height\" content=\"1023\" \/>\n\t<meta property=\"og:image:type\" content=\"image\/jpeg\" \/>\n<meta name=\"author\" content=\"Fran\u00e7ois Burgher\" \/>\n<meta name=\"twitter:card\" content=\"summary_large_image\" \/>\n<meta name=\"twitter:label1\" content=\"Written by\" \/>\n\t<meta name=\"twitter:data1\" content=\"Fran\u00e7ois Burgher\" \/>\n\t<meta name=\"twitter:label2\" content=\"Est. reading time\" \/>\n\t<meta name=\"twitter:data2\" content=\"1 minute\" \/>\n<script type=\"application\/ld+json\" class=\"yoast-schema-graph\">{\"@context\":\"https:\\\/\\\/schema.org\",\"@graph\":[{\"@type\":\"Article\",\"@id\":\"https:\\\/\\\/www.francoisburgher.fr\\\/fr\\\/erwin-olaf-en-galerie-a-paris-2021\\\/#article\",\"isPartOf\":{\"@id\":\"https:\\\/\\\/www.francoisburgher.fr\\\/fr\\\/erwin-olaf-en-galerie-a-paris-2021\\\/\"},\"author\":{\"name\":\"Fran\u00e7ois Burgher\",\"@id\":\"https:\\\/\\\/www.francoisburgher.fr\\\/fr\\\/#\\\/schema\\\/person\\\/5df89688ef756ef4adad8dfa739d18a1\"},\"headline\":\"Erwin Olaf en galerie \u00e0 Paris 2021\",\"datePublished\":\"2021-02-18T16:14:57+00:00\",\"dateModified\":\"2021-02-18T16:34:16+00:00\",\"mainEntityOfPage\":{\"@id\":\"https:\\\/\\\/www.francoisburgher.fr\\\/fr\\\/erwin-olaf-en-galerie-a-paris-2021\\\/\"},\"wordCount\":132,\"commentCount\":0,\"image\":{\"@id\":\"https:\\\/\\\/www.francoisburgher.fr\\\/fr\\\/erwin-olaf-en-galerie-a-paris-2021\\\/#primaryimage\"},\"thumbnailUrl\":\"https:\\\/\\\/www.francoisburgher.fr\\\/app\\\/uploads\\\/2021\\\/02\\\/Capture-decran-2021-02-18-a-17.19.51.jpeg\",\"articleSection\":[\"Non classifi\u00e9(e)\"],\"inLanguage\":\"fr-FR\",\"potentialAction\":[{\"@type\":\"CommentAction\",\"name\":\"Comment\",\"target\":[\"https:\\\/\\\/www.francoisburgher.fr\\\/fr\\\/erwin-olaf-en-galerie-a-paris-2021\\\/#respond\"]}]},{\"@type\":\"WebPage\",\"@id\":\"https:\\\/\\\/www.francoisburgher.fr\\\/fr\\\/erwin-olaf-en-galerie-a-paris-2021\\\/\",\"url\":\"https:\\\/\\\/www.francoisburgher.fr\\\/fr\\\/erwin-olaf-en-galerie-a-paris-2021\\\/\",\"name\":\"Erwin Olaf en galerie \u00e0 Paris 2021 - Fran\u00e7ois Burgher\",\"isPartOf\":{\"@id\":\"https:\\\/\\\/www.francoisburgher.fr\\\/fr\\\/#website\"},\"primaryImageOfPage\":{\"@id\":\"https:\\\/\\\/www.francoisburgher.fr\\\/fr\\\/erwin-olaf-en-galerie-a-paris-2021\\\/#primaryimage\"},\"image\":{\"@id\":\"https:\\\/\\\/www.francoisburgher.fr\\\/fr\\\/erwin-olaf-en-galerie-a-paris-2021\\\/#primaryimage\"},\"thumbnailUrl\":\"https:\\\/\\\/www.francoisburgher.fr\\\/app\\\/uploads\\\/2021\\\/02\\\/Capture-decran-2021-02-18-a-17.19.51.jpeg\",\"datePublished\":\"2021-02-18T16:14:57+00:00\",\"dateModified\":\"2021-02-18T16:34:16+00:00\",\"author\":{\"@id\":\"https:\\\/\\\/www.francoisburgher.fr\\\/fr\\\/#\\\/schema\\\/person\\\/5df89688ef756ef4adad8dfa739d18a1\"},\"breadcrumb\":{\"@id\":\"https:\\\/\\\/www.francoisburgher.fr\\\/fr\\\/erwin-olaf-en-galerie-a-paris-2021\\\/#breadcrumb\"},\"inLanguage\":\"fr-FR\",\"potentialAction\":[{\"@type\":\"ReadAction\",\"target\":[\"https:\\\/\\\/www.francoisburgher.fr\\\/fr\\\/erwin-olaf-en-galerie-a-paris-2021\\\/\"]}]},{\"@type\":\"ImageObject\",\"inLanguage\":\"fr-FR\",\"@id\":\"https:\\\/\\\/www.francoisburgher.fr\\\/fr\\\/erwin-olaf-en-galerie-a-paris-2021\\\/#primaryimage\",\"url\":\"https:\\\/\\\/www.francoisburgher.fr\\\/app\\\/uploads\\\/2021\\\/02\\\/Capture-decran-2021-02-18-a-17.19.51.jpeg\",\"contentUrl\":\"https:\\\/\\\/www.francoisburgher.fr\\\/app\\\/uploads\\\/2021\\\/02\\\/Capture-decran-2021-02-18-a-17.19.51.jpeg\",\"width\":1549,\"height\":1023},{\"@type\":\"BreadcrumbList\",\"@id\":\"https:\\\/\\\/www.francoisburgher.fr\\\/fr\\\/erwin-olaf-en-galerie-a-paris-2021\\\/#breadcrumb\",\"itemListElement\":[{\"@type\":\"ListItem\",\"position\":1,\"name\":\"Home\",\"item\":\"https:\\\/\\\/www.francoisburgher.fr\\\/fr\\\/\"},{\"@type\":\"ListItem\",\"position\":2,\"name\":\"Erwin Olaf en galerie \u00e0 Paris 2021\"}]},{\"@type\":\"WebSite\",\"@id\":\"https:\\\/\\\/www.francoisburgher.fr\\\/fr\\\/#website\",\"url\":\"https:\\\/\\\/www.francoisburgher.fr\\\/fr\\\/\",\"name\":\"Fran\u00e7ois Burgher\",\"description\":\"Un site utilisant WordPress\",\"potentialAction\":[{\"@type\":\"SearchAction\",\"target\":{\"@type\":\"EntryPoint\",\"urlTemplate\":\"https:\\\/\\\/www.francoisburgher.fr\\\/fr\\\/?s={search_term_string}\"},\"query-input\":{\"@type\":\"PropertyValueSpecification\",\"valueRequired\":true,\"valueName\":\"search_term_string\"}}],\"inLanguage\":\"fr-FR\"},{\"@type\":\"Person\",\"@id\":\"https:\\\/\\\/www.francoisburgher.fr\\\/fr\\\/#\\\/schema\\\/person\\\/5df89688ef756ef4adad8dfa739d18a1\",\"name\":\"Fran\u00e7ois Burgher\",\"image\":{\"@type\":\"ImageObject\",\"inLanguage\":\"fr-FR\",\"@id\":\"https:\\\/\\\/secure.gravatar.com\\\/avatar\\\/57f3b3fa295ca58495dea842025ad1c3a87035605115e3c619c5ed9a35145a24?s=96&d=mm&r=g\",\"url\":\"https:\\\/\\\/secure.gravatar.com\\\/avatar\\\/57f3b3fa295ca58495dea842025ad1c3a87035605115e3c619c5ed9a35145a24?s=96&d=mm&r=g\",\"contentUrl\":\"https:\\\/\\\/secure.gravatar.com\\\/avatar\\\/57f3b3fa295ca58495dea842025ad1c3a87035605115e3c619c5ed9a35145a24?s=96&d=mm&r=g\",\"caption\":\"Fran\u00e7ois Burgher\"}}]}<\/script>\n<!-- \/ Yoast SEO plugin. -->","yoast_head_json":{"title":"Erwin Olaf en galerie \u00e0 Paris 2021 - Fran\u00e7ois Burgher","robots":{"index":"index","follow":"follow","max-snippet":"max-snippet:-1","max-image-preview":"max-image-preview:large","max-video-preview":"max-video-preview:-1"},"canonical":"https:\/\/www.francoisburgher.fr\/fr\/erwin-olaf-en-galerie-a-paris-2021\/","og_locale":"fr_FR","og_type":"article","og_title":"Erwin Olaf en galerie \u00e0 Paris 2021 - Fran\u00e7ois Burgher","og_description":"Visite de l\u2019exposition Erwin Olaf \u00e0 la galerie Rabouan Moussion, Paris 02\/2021 Photographe hollandais contemporain venant de passer la soixantaine, il pr\u00e9sente 40 ans de cr\u00e9ations multidisciplinaires sur 4 th\u00e8mes diff\u00e9rents\u2026 https:\/\/www.rabouanmoussion.com\/en\/artists\/erwin-olaf A l\u2019oppos\u00e9 du climat g\u00e9n\u00e9ral des \u0153uvres propos\u00e9es, entre r\u00e9alit\u00e9 crue, fantaisie sombre, \u00e9tranget\u00e9 des mises en sc\u00e8ne, provocations et symbolisme des situations\u2026 [&hellip;]","og_url":"https:\/\/www.francoisburgher.fr\/fr\/erwin-olaf-en-galerie-a-paris-2021\/","og_site_name":"Fran\u00e7ois Burgher","article_published_time":"2021-02-18T16:14:57+00:00","article_modified_time":"2021-02-18T16:34:16+00:00","og_image":[{"width":1549,"height":1023,"url":"https:\/\/www.francoisburgher.fr\/app\/uploads\/2021\/02\/Capture-decran-2021-02-18-a-17.19.51.jpeg","type":"image\/jpeg"}],"author":"Fran\u00e7ois Burgher","twitter_card":"summary_large_image","twitter_misc":{"Written by":"Fran\u00e7ois Burgher","Est. reading time":"1 minute"},"schema":{"@context":"https:\/\/schema.org","@graph":[{"@type":"Article","@id":"https:\/\/www.francoisburgher.fr\/fr\/erwin-olaf-en-galerie-a-paris-2021\/#article","isPartOf":{"@id":"https:\/\/www.francoisburgher.fr\/fr\/erwin-olaf-en-galerie-a-paris-2021\/"},"author":{"name":"Fran\u00e7ois Burgher","@id":"https:\/\/www.francoisburgher.fr\/fr\/#\/schema\/person\/5df89688ef756ef4adad8dfa739d18a1"},"headline":"Erwin Olaf en galerie \u00e0 Paris 2021","datePublished":"2021-02-18T16:14:57+00:00","dateModified":"2021-02-18T16:34:16+00:00","mainEntityOfPage":{"@id":"https:\/\/www.francoisburgher.fr\/fr\/erwin-olaf-en-galerie-a-paris-2021\/"},"wordCount":132,"commentCount":0,"image":{"@id":"https:\/\/www.francoisburgher.fr\/fr\/erwin-olaf-en-galerie-a-paris-2021\/#primaryimage"},"thumbnailUrl":"https:\/\/www.francoisburgher.fr\/app\/uploads\/2021\/02\/Capture-decran-2021-02-18-a-17.19.51.jpeg","articleSection":["Non classifi\u00e9(e)"],"inLanguage":"fr-FR","potentialAction":[{"@type":"CommentAction","name":"Comment","target":["https:\/\/www.francoisburgher.fr\/fr\/erwin-olaf-en-galerie-a-paris-2021\/#respond"]}]},{"@type":"WebPage","@id":"https:\/\/www.francoisburgher.fr\/fr\/erwin-olaf-en-galerie-a-paris-2021\/","url":"https:\/\/www.francoisburgher.fr\/fr\/erwin-olaf-en-galerie-a-paris-2021\/","name":"Erwin Olaf en galerie \u00e0 Paris 2021 - Fran\u00e7ois Burgher","isPartOf":{"@id":"https:\/\/www.francoisburgher.fr\/fr\/#website"},"primaryImageOfPage":{"@id":"https:\/\/www.francoisburgher.fr\/fr\/erwin-olaf-en-galerie-a-paris-2021\/#primaryimage"},"image":{"@id":"https:\/\/www.francoisburgher.fr\/fr\/erwin-olaf-en-galerie-a-paris-2021\/#primaryimage"},"thumbnailUrl":"https:\/\/www.francoisburgher.fr\/app\/uploads\/2021\/02\/Capture-decran-2021-02-18-a-17.19.51.jpeg","datePublished":"2021-02-18T16:14:57+00:00","dateModified":"2021-02-18T16:34:16+00:00","author":{"@id":"https:\/\/www.francoisburgher.fr\/fr\/#\/schema\/person\/5df89688ef756ef4adad8dfa739d18a1"},"breadcrumb":{"@id":"https:\/\/www.francoisburgher.fr\/fr\/erwin-olaf-en-galerie-a-paris-2021\/#breadcrumb"},"inLanguage":"fr-FR","potentialAction":[{"@type":"ReadAction","target":["https:\/\/www.francoisburgher.fr\/fr\/erwin-olaf-en-galerie-a-paris-2021\/"]}]},{"@type":"ImageObject","inLanguage":"fr-FR","@id":"https:\/\/www.francoisburgher.fr\/fr\/erwin-olaf-en-galerie-a-paris-2021\/#primaryimage","url":"https:\/\/www.francoisburgher.fr\/app\/uploads\/2021\/02\/Capture-decran-2021-02-18-a-17.19.51.jpeg","contentUrl":"https:\/\/www.francoisburgher.fr\/app\/uploads\/2021\/02\/Capture-decran-2021-02-18-a-17.19.51.jpeg","width":1549,"height":1023},{"@type":"BreadcrumbList","@id":"https:\/\/www.francoisburgher.fr\/fr\/erwin-olaf-en-galerie-a-paris-2021\/#breadcrumb","itemListElement":[{"@type":"ListItem","position":1,"name":"Home","item":"https:\/\/www.francoisburgher.fr\/fr\/"},{"@type":"ListItem","position":2,"name":"Erwin Olaf en galerie \u00e0 Paris 2021"}]},{"@type":"WebSite","@id":"https:\/\/www.francoisburgher.fr\/fr\/#website","url":"https:\/\/www.francoisburgher.fr\/fr\/","name":"Fran\u00e7ois Burgher","description":"Un site utilisant WordPress","potentialAction":[{"@type":"SearchAction","target":{"@type":"EntryPoint","urlTemplate":"https:\/\/www.francoisburgher.fr\/fr\/?s={search_term_string}"},"query-input":{"@type":"PropertyValueSpecification","valueRequired":true,"valueName":"search_term_string"}}],"inLanguage":"fr-FR"},{"@type":"Person","@id":"https:\/\/www.francoisburgher.fr\/fr\/#\/schema\/person\/5df89688ef756ef4adad8dfa739d18a1","name":"Fran\u00e7ois Burgher","image":{"@type":"ImageObject","inLanguage":"fr-FR","@id":"https:\/\/secure.gravatar.com\/avatar\/57f3b3fa295ca58495dea842025ad1c3a87035605115e3c619c5ed9a35145a24?s=96&d=mm&r=g","url":"https:\/\/secure.gravatar.com\/avatar\/57f3b3fa295ca58495dea842025ad1c3a87035605115e3c619c5ed9a35145a24?s=96&d=mm&r=g","contentUrl":"https:\/\/secure.gravatar.com\/avatar\/57f3b3fa295ca58495dea842025ad1c3a87035605115e3c619c5ed9a35145a24?s=96&d=mm&r=g","caption":"Fran\u00e7ois Burgher"}}]}},"_links":{"self":[{"href":"https:\/\/www.francoisburgher.fr\/fr\/wp-json\/wp\/v2\/posts\/9925","targetHints":{"allow":["GET"]}}],"collection":[{"href":"https:\/\/www.francoisburgher.fr\/fr\/wp-json\/wp\/v2\/posts"}],"about":[{"href":"https:\/\/www.francoisburgher.fr\/fr\/wp-json\/wp\/v2\/types\/post"}],"author":[{"embeddable":true,"href":"https:\/\/www.francoisburgher.fr\/fr\/wp-json\/wp\/v2\/users\/2"}],"replies":[{"embeddable":true,"href":"https:\/\/www.francoisburgher.fr\/fr\/wp-json\/wp\/v2\/comments?post=9925"}],"version-history":[{"count":5,"href":"https:\/\/www.francoisburgher.fr\/fr\/wp-json\/wp\/v2\/posts\/9925\/revisions"}],"predecessor-version":[{"id":9939,"href":"https:\/\/www.francoisburgher.fr\/fr\/wp-json\/wp\/v2\/posts\/9925\/revisions\/9939"}],"wp:featuredmedia":[{"embeddable":true,"href":"https:\/\/www.francoisburgher.fr\/fr\/wp-json\/wp\/v2\/media\/9928"}],"wp:attachment":[{"href":"https:\/\/www.francoisburgher.fr\/fr\/wp-json\/wp\/v2\/media?parent=9925"}],"wp:term":[{"taxonomy":"category","embeddable":true,"href":"https:\/\/www.francoisburgher.fr\/fr\/wp-json\/wp\/v2\/categories?post=9925"},{"taxonomy":"post_tag","embeddable":true,"href":"https:\/\/www.francoisburgher.fr\/fr\/wp-json\/wp\/v2\/tags?post=9925"}],"curies":[{"name":"wp","href":"https:\/\/api.w.org\/{rel}","templated":true}]}}