{"id":6640,"date":"2020-01-24T22:33:07","date_gmt":"2020-01-24T21:33:07","guid":{"rendered":"https:\/\/www.francoisburgher.fr\/?p=6640"},"modified":"2020-01-28T23:04:44","modified_gmt":"2020-01-28T22:04:44","slug":"leonardo-da-vinci-au-musee-du-louvre-de-paris","status":"publish","type":"post","link":"https:\/\/www.francoisburgher.fr\/fr\/leonardo-da-vinci-au-musee-du-louvre-de-paris\/","title":{"rendered":"LEONARDO DA VINCI au Mus\u00e9e du Louvre de Paris"},"content":{"rendered":"<div class=\"wpb-content-wrapper\"><p>[vc_row][vc_column][vc_column_text]<\/p>\n<p style=\"text-align: center;\"><a href=\"https:\/\/www.francoisburgher.fr\/app\/uploads\/2020\/01\/Francois-Burgher-photos-photographies-images-pictures-Paris-Mus\u00e9e-du-Louvre-Museum-Leonard-Leonardo-De-Da-VINCI-2020-50.jpg\"><img loading=\"lazy\" decoding=\"async\" class=\"aligncenter size-full wp-image-6641\" src=\"https:\/\/www.francoisburgher.fr\/app\/uploads\/2020\/01\/Francois-Burgher-photos-photographies-images-pictures-Paris-Mus\u00e9e-du-Louvre-Museum-Leonard-Leonardo-De-Da-VINCI-2020-50.jpg\" alt=\"\" width=\"2000\" height=\"1002\" \/><\/a><\/p>\n<p>[\/vc_column_text][\/vc_column][\/vc_row][vc_row][vc_column][vc_column_text]<\/p>\n<p style=\"text-align: center;\">Une impressionnante exposition\u00a0est en cours au Mus\u00e9e du Louvre de Paris. Un retentissement international, \u00e0 guichet presque ferm\u00e9, une mar\u00e9e humaine\u2026<\/p>\n<p style=\"text-align: center;\">En voici juste quelques \u00ab\u00a0\u00e9clats\u00a0\u00bb tr\u00e8s focalis\u00e9s !<\/p>\n<p>[\/vc_column_text][\/vc_column][\/vc_row][vc_row][vc_column][vc_column_text]<\/p>\n<p style=\"text-align: center;\">Le Christ et Saint Thomas d&rsquo;Andrea del Verrocchio dont L\u00e9onard fut l\u2019\u00e9l\u00e8ve.<\/p>\n<p style=\"text-align: center;\">Il y per\u00e7u l&rsquo;\u00ab\u00a0Id\u00e9e que l\u2019espace et la forme sont engendr\u00e9s par la lumi\u00e8re\u00a0\u00bb. \u00ab\u00a0Expression du drame par le clair-obscur \u2013 le jeu de l\u2019ombre et de la lumi\u00e8re.\u00a0\u00bb<\/p>\n<p>[\/vc_column_text][\/vc_column][\/vc_row][vc_row][vc_column][vc_column_text]<\/p>\n<p>&nbsp;<\/p>\n<p style=\"text-align: center;\"><a href=\"https:\/\/www.francoisburgher.fr\/app\/uploads\/2020\/01\/Francois-Burgher-photos-photographies-images-pictures-Paris-Mus\u00e9e-du-Louvre-Museum-Leonard-Leonardo-De-Da-VINCI-2020-25.jpg\"><img loading=\"lazy\" decoding=\"async\" class=\"aligncenter wp-image-6606 size-full\" src=\"https:\/\/www.francoisburgher.fr\/app\/uploads\/2020\/01\/Francois-Burgher-photos-photographies-images-pictures-Paris-Mus\u00e9e-du-Louvre-Museum-Leonard-Leonardo-De-Da-VINCI-2020-25.jpg\" alt=\"\" width=\"1360\" height=\"2000\" srcset=\"https:\/\/www.francoisburgher.fr\/app\/uploads\/2020\/01\/Francois-Burgher-photos-photographies-images-pictures-Paris-Mus\u00e9e-du-Louvre-Museum-Leonard-Leonardo-De-Da-VINCI-2020-25.jpg 1360w, https:\/\/www.francoisburgher.fr\/app\/uploads\/2020\/01\/Francois-Burgher-photos-photographies-images-pictures-Paris-Mus\u00e9e-du-Louvre-Museum-Leonard-Leonardo-De-Da-VINCI-2020-25-768x1129.jpg 768w, https:\/\/www.francoisburgher.fr\/app\/uploads\/2020\/01\/Francois-Burgher-photos-photographies-images-pictures-Paris-Mus\u00e9e-du-Louvre-Museum-Leonard-Leonardo-De-Da-VINCI-2020-25-624x918.jpg 624w\" sizes=\"auto, (max-width: 1360px) 100vw, 1360px\" \/><\/a><\/p>\n<p>&nbsp;<\/p>\n<p>[\/vc_column_text][\/vc_column][\/vc_row][vc_row][vc_column][vc_column_text]<\/p>\n<p>&nbsp;<\/p>\n<p><a href=\"https:\/\/www.francoisburgher.fr\/app\/uploads\/2020\/01\/Francois-Burgher-photos-photographies-images-pictures-Paris-Mus\u00e9e-du-Louvre-Museum-Leonard-Leonardo-De-Da-VINCI-2020-28.jpg\"><img loading=\"lazy\" decoding=\"async\" class=\"aligncenter wp-image-6610 size-full\" src=\"https:\/\/www.francoisburgher.fr\/app\/uploads\/2020\/01\/Francois-Burgher-photos-photographies-images-pictures-Paris-Mus\u00e9e-du-Louvre-Museum-Leonard-Leonardo-De-Da-VINCI-2020-28.jpg\" alt=\"\" width=\"1500\" height=\"2000\" srcset=\"https:\/\/www.francoisburgher.fr\/app\/uploads\/2020\/01\/Francois-Burgher-photos-photographies-images-pictures-Paris-Mus\u00e9e-du-Louvre-Museum-Leonard-Leonardo-De-Da-VINCI-2020-28.jpg 1500w, https:\/\/www.francoisburgher.fr\/app\/uploads\/2020\/01\/Francois-Burgher-photos-photographies-images-pictures-Paris-Mus\u00e9e-du-Louvre-Museum-Leonard-Leonardo-De-Da-VINCI-2020-28-768x1024.jpg 768w, https:\/\/www.francoisburgher.fr\/app\/uploads\/2020\/01\/Francois-Burgher-photos-photographies-images-pictures-Paris-Mus\u00e9e-du-Louvre-Museum-Leonard-Leonardo-De-Da-VINCI-2020-28-624x832.jpg 624w\" sizes=\"auto, (max-width: 1500px) 100vw, 1500px\" \/><\/a><\/p>\n<p>&nbsp;<\/p>\n<p>[\/vc_column_text][\/vc_column][\/vc_row][vc_row][vc_column][vc_column_text]<\/p>\n<p>&nbsp;<\/p>\n<p><a href=\"https:\/\/www.francoisburgher.fr\/app\/uploads\/2020\/01\/Francois-Burgher-photos-photographies-images-pictures-Paris-Mus\u00e9e-du-Louvre-Museum-Leonard-Leonardo-De-Da-VINCI-2020-26.jpg\"><img loading=\"lazy\" decoding=\"async\" class=\"aligncenter wp-image-6646 size-full\" src=\"https:\/\/www.francoisburgher.fr\/app\/uploads\/2020\/01\/Francois-Burgher-photos-photographies-images-pictures-Paris-Mus\u00e9e-du-Louvre-Museum-Leonard-Leonardo-De-Da-VINCI-2020-26-e1580151093201.jpg\" alt=\"\" width=\"1500\" height=\"2000\" srcset=\"https:\/\/www.francoisburgher.fr\/app\/uploads\/2020\/01\/Francois-Burgher-photos-photographies-images-pictures-Paris-Mus\u00e9e-du-Louvre-Museum-Leonard-Leonardo-De-Da-VINCI-2020-26-e1580151093201.jpg 1500w, https:\/\/www.francoisburgher.fr\/app\/uploads\/2020\/01\/Francois-Burgher-photos-photographies-images-pictures-Paris-Mus\u00e9e-du-Louvre-Museum-Leonard-Leonardo-De-Da-VINCI-2020-26-e1580151093201-768x1024.jpg 768w, https:\/\/www.francoisburgher.fr\/app\/uploads\/2020\/01\/Francois-Burgher-photos-photographies-images-pictures-Paris-Mus\u00e9e-du-Louvre-Museum-Leonard-Leonardo-De-Da-VINCI-2020-26-e1580151093201-624x832.jpg 624w\" sizes=\"auto, (max-width: 1500px) 100vw, 1500px\" \/><\/a><\/p>\n<p>&nbsp;<\/p>\n<p>[\/vc_column_text][\/vc_column][\/vc_row][vc_row][vc_column][vc_column_text]<\/p>\n<p style=\"text-align: center;\">Maitrise et libert\u00e9, nombreuses \u00ab\u00a0\u00e9tudes de composition \u00bb pr\u00e9c\u00e9dent l\u2019\u0153uvre \u00ab\u00a0finale\u00a0\u00bb<\/p>\n<p>[\/vc_column_text][\/vc_column][\/vc_row][vc_row][vc_column width=\u00a0\u00bb1\/3&Prime;][vc_column_text]<\/p>\n<p>&nbsp;<\/p>\n<p>&nbsp;<\/p>\n<p><a href=\"https:\/\/www.francoisburgher.fr\/app\/uploads\/2020\/01\/Francois-Burgher-photos-photographies-images-pictures-Paris-Mus\u00e9e-du-Louvre-Museum-Leonard-Leonardo-De-Da-VINCI-2020-42.jpg\"><img loading=\"lazy\" decoding=\"async\" class=\"aligncenter size-full wp-image-6624\" src=\"https:\/\/www.francoisburgher.fr\/app\/uploads\/2020\/01\/Francois-Burgher-photos-photographies-images-pictures-Paris-Mus\u00e9e-du-Louvre-Museum-Leonard-Leonardo-De-Da-VINCI-2020-42.jpg\" alt=\"\" width=\"1511\" height=\"2000\" srcset=\"https:\/\/www.francoisburgher.fr\/app\/uploads\/2020\/01\/Francois-Burgher-photos-photographies-images-pictures-Paris-Mus\u00e9e-du-Louvre-Museum-Leonard-Leonardo-De-Da-VINCI-2020-42.jpg 1511w, https:\/\/www.francoisburgher.fr\/app\/uploads\/2020\/01\/Francois-Burgher-photos-photographies-images-pictures-Paris-Mus\u00e9e-du-Louvre-Museum-Leonard-Leonardo-De-Da-VINCI-2020-42-768x1017.jpg 768w, https:\/\/www.francoisburgher.fr\/app\/uploads\/2020\/01\/Francois-Burgher-photos-photographies-images-pictures-Paris-Mus\u00e9e-du-Louvre-Museum-Leonard-Leonardo-De-Da-VINCI-2020-42-624x826.jpg 624w\" sizes=\"auto, (max-width: 1511px) 100vw, 1511px\" \/><\/a><\/p>\n<p>&nbsp;<\/p>\n<p>&nbsp;<\/p>\n<p>[\/vc_column_text][\/vc_column][vc_column width=\u00a0\u00bb1\/3&Prime;][vc_column_text]<\/p>\n<p>&nbsp;<\/p>\n<p>&nbsp;<\/p>\n<p><a href=\"https:\/\/www.francoisburgher.fr\/app\/uploads\/2020\/01\/Francois-Burgher-photos-photographies-images-pictures-Paris-Mus\u00e9e-du-Louvre-Museum-Leonard-Leonardo-De-Da-VINCI-2020-41.jpg\"><img loading=\"lazy\" decoding=\"async\" class=\"aligncenter size-full wp-image-6622\" src=\"https:\/\/www.francoisburgher.fr\/app\/uploads\/2020\/01\/Francois-Burgher-photos-photographies-images-pictures-Paris-Mus\u00e9e-du-Louvre-Museum-Leonard-Leonardo-De-Da-VINCI-2020-41.jpg\" alt=\"\" width=\"1500\" height=\"2000\" srcset=\"https:\/\/www.francoisburgher.fr\/app\/uploads\/2020\/01\/Francois-Burgher-photos-photographies-images-pictures-Paris-Mus\u00e9e-du-Louvre-Museum-Leonard-Leonardo-De-Da-VINCI-2020-41.jpg 1500w, https:\/\/www.francoisburgher.fr\/app\/uploads\/2020\/01\/Francois-Burgher-photos-photographies-images-pictures-Paris-Mus\u00e9e-du-Louvre-Museum-Leonard-Leonardo-De-Da-VINCI-2020-41-768x1024.jpg 768w, https:\/\/www.francoisburgher.fr\/app\/uploads\/2020\/01\/Francois-Burgher-photos-photographies-images-pictures-Paris-Mus\u00e9e-du-Louvre-Museum-Leonard-Leonardo-De-Da-VINCI-2020-41-624x832.jpg 624w\" sizes=\"auto, (max-width: 1500px) 100vw, 1500px\" \/><\/a><\/p>\n<p>&nbsp;<\/p>\n<p>&nbsp;<\/p>\n<p>[\/vc_column_text][\/vc_column][vc_column width=\u00a0\u00bb1\/3&Prime;][vc_column_text]<\/p>\n<p>&nbsp;<\/p>\n<p><a href=\"https:\/\/www.francoisburgher.fr\/app\/uploads\/2020\/01\/Francois-Burgher-photos-photographies-images-pictures-Paris-Mus\u00e9e-du-Louvre-Museum-Leonard-Leonardo-De-Da-VINCI-2020-33.jpg\"><img loading=\"lazy\" decoding=\"async\" class=\"aligncenter wp-image-6614 size-full\" src=\"https:\/\/www.francoisburgher.fr\/app\/uploads\/2020\/01\/Francois-Burgher-photos-photographies-images-pictures-Paris-Mus\u00e9e-du-Louvre-Museum-Leonard-Leonardo-De-Da-VINCI-2020-33.jpg\" alt=\"\" width=\"1204\" height=\"2000\" srcset=\"https:\/\/www.francoisburgher.fr\/app\/uploads\/2020\/01\/Francois-Burgher-photos-photographies-images-pictures-Paris-Mus\u00e9e-du-Louvre-Museum-Leonard-Leonardo-De-Da-VINCI-2020-33.jpg 1204w, https:\/\/www.francoisburgher.fr\/app\/uploads\/2020\/01\/Francois-Burgher-photos-photographies-images-pictures-Paris-Mus\u00e9e-du-Louvre-Museum-Leonard-Leonardo-De-Da-VINCI-2020-33-768x1276.jpg 768w, https:\/\/www.francoisburgher.fr\/app\/uploads\/2020\/01\/Francois-Burgher-photos-photographies-images-pictures-Paris-Mus\u00e9e-du-Louvre-Museum-Leonard-Leonardo-De-Da-VINCI-2020-33-624x1037.jpg 624w\" sizes=\"auto, (max-width: 1204px) 100vw, 1204px\" \/><\/a><\/p>\n<p>[\/vc_column_text][\/vc_column][\/vc_row][vc_row][vc_column][vc_column_text]<\/p>\n<p style=\"text-align: center;\">Draperies et drap\u00e9s font partie de la quintessence de l\u2019art de LdeV. Notamment celle dite \u00ab\u00a0Saint Mory\u00a0\u00bb.<\/p>\n<p style=\"text-align: center;\">Des reliefs \u00ab\u00a0recouverts de draps impr\u00e9gn\u00e9s d\u2019argile\u00a0\u00bb pour appr\u00e9hender la \u00ab\u00a0mati\u00e8re spatiale\u00a0\u00bb servaient de mod\u00e8le.<\/p>\n<p style=\"text-align: center;\">L&rsquo;exposition pr\u00e9sente une reconstitution exp\u00e9rimentale du relief par Leticia Lerratti (2019)<\/p>\n<p>[\/vc_column_text][\/vc_column][\/vc_row][vc_row][vc_column width=\u00a0\u00bb1\/2&Prime;][vc_column_text]<\/p>\n<p>&nbsp;<\/p>\n<p><a href=\"https:\/\/www.francoisburgher.fr\/app\/uploads\/2020\/01\/Francois-Burgher-photos-photographies-images-pictures-Paris-Mus\u00e9e-du-Louvre-Museum-Leonard-Leonardo-De-Da-VINCI-2020-48.jpg\"><img loading=\"lazy\" decoding=\"async\" class=\"aligncenter size-full wp-image-6636\" src=\"https:\/\/www.francoisburgher.fr\/app\/uploads\/2020\/01\/Francois-Burgher-photos-photographies-images-pictures-Paris-Mus\u00e9e-du-Louvre-Museum-Leonard-Leonardo-De-Da-VINCI-2020-48.jpg\" alt=\"\" width=\"2000\" height=\"1500\" srcset=\"https:\/\/www.francoisburgher.fr\/app\/uploads\/2020\/01\/Francois-Burgher-photos-photographies-images-pictures-Paris-Mus\u00e9e-du-Louvre-Museum-Leonard-Leonardo-De-Da-VINCI-2020-48.jpg 2000w, https:\/\/www.francoisburgher.fr\/app\/uploads\/2020\/01\/Francois-Burgher-photos-photographies-images-pictures-Paris-Mus\u00e9e-du-Louvre-Museum-Leonard-Leonardo-De-Da-VINCI-2020-48-768x576.jpg 768w, https:\/\/www.francoisburgher.fr\/app\/uploads\/2020\/01\/Francois-Burgher-photos-photographies-images-pictures-Paris-Mus\u00e9e-du-Louvre-Museum-Leonard-Leonardo-De-Da-VINCI-2020-48-624x468.jpg 624w\" sizes=\"auto, (max-width: 2000px) 100vw, 2000px\" \/><\/a>[\/vc_column_text][\/vc_column][vc_column width=\u00a0\u00bb1\/2&Prime;][vc_column_text]<a href=\"https:\/\/www.francoisburgher.fr\/app\/uploads\/2020\/01\/Francois-Burgher-photos-photographies-images-pictures-Paris-Mus\u00e9e-du-Louvre-Museum-Leonard-Leonardo-De-Da-VINCI-2020-30.jpg\"><img loading=\"lazy\" decoding=\"async\" class=\"aligncenter size-full wp-image-6612\" src=\"https:\/\/www.francoisburgher.fr\/app\/uploads\/2020\/01\/Francois-Burgher-photos-photographies-images-pictures-Paris-Mus\u00e9e-du-Louvre-Museum-Leonard-Leonardo-De-Da-VINCI-2020-30.jpg\" alt=\"\" width=\"1500\" height=\"2000\" srcset=\"https:\/\/www.francoisburgher.fr\/app\/uploads\/2020\/01\/Francois-Burgher-photos-photographies-images-pictures-Paris-Mus\u00e9e-du-Louvre-Museum-Leonard-Leonardo-De-Da-VINCI-2020-30.jpg 1500w, https:\/\/www.francoisburgher.fr\/app\/uploads\/2020\/01\/Francois-Burgher-photos-photographies-images-pictures-Paris-Mus\u00e9e-du-Louvre-Museum-Leonard-Leonardo-De-Da-VINCI-2020-30-768x1024.jpg 768w, https:\/\/www.francoisburgher.fr\/app\/uploads\/2020\/01\/Francois-Burgher-photos-photographies-images-pictures-Paris-Mus\u00e9e-du-Louvre-Museum-Leonard-Leonardo-De-Da-VINCI-2020-30-624x832.jpg 624w\" sizes=\"auto, (max-width: 1500px) 100vw, 1500px\" \/><\/a>[\/vc_column_text][\/vc_column][\/vc_row][vc_row][vc_column][vc_column_text]<\/p>\n<p>&nbsp;<\/p>\n<p><a href=\"https:\/\/www.francoisburgher.fr\/app\/uploads\/2020\/01\/Francois-Burgher-photos-photographies-images-pictures-Paris-Mus\u00e9e-du-Louvre-Museum-Leonard-Leonardo-De-Da-VINCI-2020-24.jpg\"><img loading=\"lazy\" decoding=\"async\" class=\"aligncenter size-full wp-image-6604\" src=\"https:\/\/www.francoisburgher.fr\/app\/uploads\/2020\/01\/Francois-Burgher-photos-photographies-images-pictures-Paris-Mus\u00e9e-du-Louvre-Museum-Leonard-Leonardo-De-Da-VINCI-2020-24.jpg\" alt=\"\" width=\"2000\" height=\"1500\" srcset=\"https:\/\/www.francoisburgher.fr\/app\/uploads\/2020\/01\/Francois-Burgher-photos-photographies-images-pictures-Paris-Mus\u00e9e-du-Louvre-Museum-Leonard-Leonardo-De-Da-VINCI-2020-24.jpg 2000w, https:\/\/www.francoisburgher.fr\/app\/uploads\/2020\/01\/Francois-Burgher-photos-photographies-images-pictures-Paris-Mus\u00e9e-du-Louvre-Museum-Leonard-Leonardo-De-Da-VINCI-2020-24-768x576.jpg 768w, https:\/\/www.francoisburgher.fr\/app\/uploads\/2020\/01\/Francois-Burgher-photos-photographies-images-pictures-Paris-Mus\u00e9e-du-Louvre-Museum-Leonard-Leonardo-De-Da-VINCI-2020-24-624x468.jpg 624w\" sizes=\"auto, (max-width: 2000px) 100vw, 2000px\" \/><\/a><\/p>\n<p>&nbsp;<\/p>\n<p>[\/vc_column_text][\/vc_column][\/vc_row][vc_row][vc_column][vc_column_text]<\/p>\n<p style=\"text-align: center;\">Maitrise et libert\u00e9, nombreuses \u00ab\u00a0\u00e9tudes de composition \u00bb pr\u00e9c\u00e9dent l\u2019\u0153uvre \u00ab\u00a0finale\u00a0\u00bb<\/p>\n<p style=\"text-align: center;\">\u00c9tudes et portraits\u00a0: plume, encre, sanguine, pointe d\u2019argent et, beaucoup plus rarement peinture&#8230;<\/p>\n<p>&nbsp;<\/p>\n<p>[\/vc_column_text][\/vc_column][\/vc_row][vc_row][vc_column][vc_column_text]<\/p>\n<p>&nbsp;<\/p>\n<p><a href=\"https:\/\/www.francoisburgher.fr\/app\/uploads\/2020\/01\/Francois-Burgher-photos-photographies-images-pictures-Paris-Mus\u00e9e-du-Louvre-Museum-Leonard-Leonardo-De-Da-VINCI-2020-35.jpg\"><img loading=\"lazy\" decoding=\"async\" class=\"aligncenter size-full wp-image-6616\" src=\"https:\/\/www.francoisburgher.fr\/app\/uploads\/2020\/01\/Francois-Burgher-photos-photographies-images-pictures-Paris-Mus\u00e9e-du-Louvre-Museum-Leonard-Leonardo-De-Da-VINCI-2020-35.jpg\" alt=\"\" width=\"1500\" height=\"2000\" srcset=\"https:\/\/www.francoisburgher.fr\/app\/uploads\/2020\/01\/Francois-Burgher-photos-photographies-images-pictures-Paris-Mus\u00e9e-du-Louvre-Museum-Leonard-Leonardo-De-Da-VINCI-2020-35.jpg 1500w, https:\/\/www.francoisburgher.fr\/app\/uploads\/2020\/01\/Francois-Burgher-photos-photographies-images-pictures-Paris-Mus\u00e9e-du-Louvre-Museum-Leonard-Leonardo-De-Da-VINCI-2020-35-768x1024.jpg 768w, https:\/\/www.francoisburgher.fr\/app\/uploads\/2020\/01\/Francois-Burgher-photos-photographies-images-pictures-Paris-Mus\u00e9e-du-Louvre-Museum-Leonard-Leonardo-De-Da-VINCI-2020-35-624x832.jpg 624w\" sizes=\"auto, (max-width: 1500px) 100vw, 1500px\" \/><\/a><\/p>\n<p>&nbsp;<\/p>\n<p>[\/vc_column_text][\/vc_column][\/vc_row][vc_row][vc_column][vc_column_text]<\/p>\n<p>&nbsp;<\/p>\n<p><a href=\"https:\/\/www.francoisburgher.fr\/app\/uploads\/2020\/01\/Francois-Burgher-photos-photographies-images-pictures-Paris-Mus\u00e9e-du-Louvre-Museum-Leonard-Leonardo-De-Da-VINCI-2020-49.jpg\"><img loading=\"lazy\" decoding=\"async\" class=\"aligncenter wp-image-6638 size-full\" src=\"https:\/\/www.francoisburgher.fr\/app\/uploads\/2020\/01\/Francois-Burgher-photos-photographies-images-pictures-Paris-Mus\u00e9e-du-Louvre-Museum-Leonard-Leonardo-De-Da-VINCI-2020-49.jpg\" alt=\"\" width=\"1500\" height=\"2000\" srcset=\"https:\/\/www.francoisburgher.fr\/app\/uploads\/2020\/01\/Francois-Burgher-photos-photographies-images-pictures-Paris-Mus\u00e9e-du-Louvre-Museum-Leonard-Leonardo-De-Da-VINCI-2020-49.jpg 1500w, https:\/\/www.francoisburgher.fr\/app\/uploads\/2020\/01\/Francois-Burgher-photos-photographies-images-pictures-Paris-Mus\u00e9e-du-Louvre-Museum-Leonard-Leonardo-De-Da-VINCI-2020-49-768x1024.jpg 768w, https:\/\/www.francoisburgher.fr\/app\/uploads\/2020\/01\/Francois-Burgher-photos-photographies-images-pictures-Paris-Mus\u00e9e-du-Louvre-Museum-Leonard-Leonardo-De-Da-VINCI-2020-49-624x832.jpg 624w\" sizes=\"auto, (max-width: 1500px) 100vw, 1500px\" \/><\/a><\/p>\n<p>&nbsp;<\/p>\n<p>[\/vc_column_text][\/vc_column][\/vc_row][vc_row][vc_column][vc_column_text]<\/p>\n<p>&nbsp;<\/p>\n<p><a href=\"https:\/\/www.francoisburgher.fr\/app\/uploads\/2020\/01\/Francois-Burgher-photos-photographies-images-pictures-Paris-Mus\u00e9e-du-Louvre-Museum-Leonard-Leonardo-De-Da-VINCI-2020-36.jpg\"><img loading=\"lazy\" decoding=\"async\" class=\"aligncenter size-full wp-image-6618\" src=\"https:\/\/www.francoisburgher.fr\/app\/uploads\/2020\/01\/Francois-Burgher-photos-photographies-images-pictures-Paris-Mus\u00e9e-du-Louvre-Museum-Leonard-Leonardo-De-Da-VINCI-2020-36.jpg\" alt=\"\" width=\"1500\" height=\"2000\" srcset=\"https:\/\/www.francoisburgher.fr\/app\/uploads\/2020\/01\/Francois-Burgher-photos-photographies-images-pictures-Paris-Mus\u00e9e-du-Louvre-Museum-Leonard-Leonardo-De-Da-VINCI-2020-36.jpg 1500w, https:\/\/www.francoisburgher.fr\/app\/uploads\/2020\/01\/Francois-Burgher-photos-photographies-images-pictures-Paris-Mus\u00e9e-du-Louvre-Museum-Leonard-Leonardo-De-Da-VINCI-2020-36-768x1024.jpg 768w, https:\/\/www.francoisburgher.fr\/app\/uploads\/2020\/01\/Francois-Burgher-photos-photographies-images-pictures-Paris-Mus\u00e9e-du-Louvre-Museum-Leonard-Leonardo-De-Da-VINCI-2020-36-624x832.jpg 624w\" sizes=\"auto, (max-width: 1500px) 100vw, 1500px\" \/><\/a><\/p>\n<p>&nbsp;<\/p>\n<p>[\/vc_column_text][\/vc_column][\/vc_row][vc_row][vc_column][vc_column_text]<\/p>\n<p>&nbsp;<\/p>\n<p><a href=\"https:\/\/www.francoisburgher.fr\/app\/uploads\/2020\/01\/Francois-Burgher-photos-photographies-images-pictures-Paris-Mus\u00e9e-du-Louvre-Museum-Leonard-Leonardo-De-Da-VINCI-2020-44.jpg\"><img loading=\"lazy\" decoding=\"async\" class=\"aligncenter size-full wp-image-6628\" src=\"https:\/\/www.francoisburgher.fr\/app\/uploads\/2020\/01\/Francois-Burgher-photos-photographies-images-pictures-Paris-Mus\u00e9e-du-Louvre-Museum-Leonard-Leonardo-De-Da-VINCI-2020-44.jpg\" alt=\"\" width=\"1782\" height=\"2000\" srcset=\"https:\/\/www.francoisburgher.fr\/app\/uploads\/2020\/01\/Francois-Burgher-photos-photographies-images-pictures-Paris-Mus\u00e9e-du-Louvre-Museum-Leonard-Leonardo-De-Da-VINCI-2020-44.jpg 1782w, https:\/\/www.francoisburgher.fr\/app\/uploads\/2020\/01\/Francois-Burgher-photos-photographies-images-pictures-Paris-Mus\u00e9e-du-Louvre-Museum-Leonard-Leonardo-De-Da-VINCI-2020-44-768x862.jpg 768w, https:\/\/www.francoisburgher.fr\/app\/uploads\/2020\/01\/Francois-Burgher-photos-photographies-images-pictures-Paris-Mus\u00e9e-du-Louvre-Museum-Leonard-Leonardo-De-Da-VINCI-2020-44-624x700.jpg 624w\" sizes=\"auto, (max-width: 1782px) 100vw, 1782px\" \/><\/a><\/p>\n<p>&nbsp;<\/p>\n<p>[\/vc_column_text][\/vc_column][\/vc_row][vc_row][vc_column][vc_column_text]<\/p>\n<p style=\"text-align: center;\">Saint Jean Baptiste (la derni\u00e8re \u0153uvre du ma\u00eetre en 1519) est \u00ab\u00a0l\u2019expression d\u2019une beaut\u00e9 id\u00e9ale qui garde encore quelque chose de la puret\u00e9 de l\u2019adolescence dans la force de l\u2019\u00e2ge adulte\u00a0\u00bb<\/p>\n<p style=\"text-align: center;\">La r\u00e9flectographie infrarouge montre le dessin, trac\u00e9 au carbone, sous la peinture<\/p>\n<p>[\/vc_column_text][\/vc_column][\/vc_row][vc_row][vc_column][vc_column_text]<\/p>\n<p>&nbsp;<\/p>\n<p><a href=\"https:\/\/www.francoisburgher.fr\/app\/uploads\/2020\/01\/Francois-Burgher-photos-photographies-images-pictures-Paris-Mus\u00e9e-du-Louvre-Museum-Leonard-Leonardo-De-Da-VINCI-2020-47.jpg\"><img loading=\"lazy\" decoding=\"async\" class=\"aligncenter size-full wp-image-6634\" src=\"https:\/\/www.francoisburgher.fr\/app\/uploads\/2020\/01\/Francois-Burgher-photos-photographies-images-pictures-Paris-Mus\u00e9e-du-Louvre-Museum-Leonard-Leonardo-De-Da-VINCI-2020-47.jpg\" alt=\"\" width=\"1500\" height=\"2000\" srcset=\"https:\/\/www.francoisburgher.fr\/app\/uploads\/2020\/01\/Francois-Burgher-photos-photographies-images-pictures-Paris-Mus\u00e9e-du-Louvre-Museum-Leonard-Leonardo-De-Da-VINCI-2020-47.jpg 1500w, https:\/\/www.francoisburgher.fr\/app\/uploads\/2020\/01\/Francois-Burgher-photos-photographies-images-pictures-Paris-Mus\u00e9e-du-Louvre-Museum-Leonard-Leonardo-De-Da-VINCI-2020-47-768x1024.jpg 768w, https:\/\/www.francoisburgher.fr\/app\/uploads\/2020\/01\/Francois-Burgher-photos-photographies-images-pictures-Paris-Mus\u00e9e-du-Louvre-Museum-Leonard-Leonardo-De-Da-VINCI-2020-47-624x832.jpg 624w\" sizes=\"auto, (max-width: 1500px) 100vw, 1500px\" \/><\/a><\/p>\n<p>&nbsp;<\/p>\n<p>[\/vc_column_text][\/vc_column][\/vc_row][vc_row][vc_column][vc_column_text]<\/p>\n<p>&nbsp;<\/p>\n<p><a href=\"https:\/\/www.francoisburgher.fr\/app\/uploads\/2020\/01\/Francois-Burgher-photos-photographies-images-pictures-Paris-Mus\u00e9e-du-Louvre-Museum-Leonard-Leonardo-De-Da-VINCI-2020-45.jpg\"><img loading=\"lazy\" decoding=\"async\" class=\"aligncenter size-full wp-image-6630\" src=\"https:\/\/www.francoisburgher.fr\/app\/uploads\/2020\/01\/Francois-Burgher-photos-photographies-images-pictures-Paris-Mus\u00e9e-du-Louvre-Museum-Leonard-Leonardo-De-Da-VINCI-2020-45.jpg\" alt=\"\" width=\"1500\" height=\"2000\" srcset=\"https:\/\/www.francoisburgher.fr\/app\/uploads\/2020\/01\/Francois-Burgher-photos-photographies-images-pictures-Paris-Mus\u00e9e-du-Louvre-Museum-Leonard-Leonardo-De-Da-VINCI-2020-45.jpg 1500w, https:\/\/www.francoisburgher.fr\/app\/uploads\/2020\/01\/Francois-Burgher-photos-photographies-images-pictures-Paris-Mus\u00e9e-du-Louvre-Museum-Leonard-Leonardo-De-Da-VINCI-2020-45-768x1024.jpg 768w, https:\/\/www.francoisburgher.fr\/app\/uploads\/2020\/01\/Francois-Burgher-photos-photographies-images-pictures-Paris-Mus\u00e9e-du-Louvre-Museum-Leonard-Leonardo-De-Da-VINCI-2020-45-624x832.jpg 624w\" sizes=\"auto, (max-width: 1500px) 100vw, 1500px\" \/><\/a><\/p>\n<p>&nbsp;<\/p>\n<p>[\/vc_column_text][\/vc_column][\/vc_row][vc_row][vc_column][vc_column_text]Le Saviez-vous ?<\/p>\n<p>\u00ab\u00a0L\u00e9onard ne peignit qu&rsquo;une qunizaine de tableaux, non pas, comme on le dit souvent, parce qu&rsquo;il ne se serait int\u00e9ress\u00e9 qu&rsquo;\u00e0 la conception, ou \u00e0 l&rsquo;id\u00e9e mais, au contraire, parce que l&rsquo;ex\u00e9cution, prolong\u00e9e \u00e0 l&rsquo;infini, portait chez lui toute la v\u00e9rit\u00e9 de la science de la peinture.\u00a0\u00bb<\/p>\n<p>Livret complet des textes de l&rsquo;exposition t\u00e9l\u00e9chargeable sur le site Louvre.fr.[\/vc_column_text][\/vc_column][\/vc_row]<\/p>\n<\/div>","protected":false},"excerpt":{"rendered":"<p>[vc_row][vc_column][vc_column_text] [\/vc_column_text][\/vc_column][\/vc_row][vc_row][vc_column][vc_column_text] Une impressionnante exposition\u00a0est en cours au Mus\u00e9e du Louvre de Paris. Un retentissement international, \u00e0 guichet presque ferm\u00e9, une mar\u00e9e humaine\u2026 En voici juste quelques \u00ab\u00a0\u00e9clats\u00a0\u00bb tr\u00e8s focalis\u00e9s ! [\/vc_column_text][\/vc_column][\/vc_row][vc_row][vc_column][vc_column_text] Le Christ et Saint Thomas d&rsquo;Andrea del Verrocchio dont L\u00e9onard fut l\u2019\u00e9l\u00e8ve. Il y per\u00e7u l&rsquo;\u00ab\u00a0Id\u00e9e que l\u2019espace et la forme sont engendr\u00e9s [&hellip;]<\/p>\n","protected":false},"author":2,"featured_media":6658,"comment_status":"open","ping_status":"open","sticky":false,"template":"","format":"standard","meta":{"_acf_changed":false,"footnotes":""},"categories":[1],"tags":[],"class_list":["post-6640","post","type-post","status-publish","format-standard","has-post-thumbnail","hentry","category-non-classifiee"],"acf":[],"yoast_head":"<!-- This site is optimized with the Yoast SEO plugin v27.3 - https:\/\/yoast.com\/product\/yoast-seo-wordpress\/ -->\n<title>LEONARDO DA VINCI au Mus\u00e9e du Louvre de Paris - Fran\u00e7ois Burgher<\/title>\n<meta name=\"robots\" content=\"index, follow, max-snippet:-1, max-image-preview:large, max-video-preview:-1\" \/>\n<link rel=\"canonical\" href=\"https:\/\/www.francoisburgher.fr\/fr\/leonardo-da-vinci-au-musee-du-louvre-de-paris\/\" \/>\n<meta property=\"og:locale\" content=\"fr_FR\" \/>\n<meta property=\"og:type\" content=\"article\" \/>\n<meta property=\"og:title\" content=\"LEONARDO DA VINCI au Mus\u00e9e du Louvre de Paris - Fran\u00e7ois Burgher\" \/>\n<meta property=\"og:description\" content=\"[vc_row][vc_column][vc_column_text] [\/vc_column_text][\/vc_column][\/vc_row][vc_row][vc_column][vc_column_text] Une impressionnante exposition\u00a0est en cours au Mus\u00e9e du Louvre de Paris. Un retentissement international, \u00e0 guichet presque ferm\u00e9, une mar\u00e9e humaine\u2026 En voici juste quelques \u00ab\u00a0\u00e9clats\u00a0\u00bb tr\u00e8s focalis\u00e9s ! [\/vc_column_text][\/vc_column][\/vc_row][vc_row][vc_column][vc_column_text] Le Christ et Saint Thomas d&rsquo;Andrea del Verrocchio dont L\u00e9onard fut l\u2019\u00e9l\u00e8ve. Il y per\u00e7u l&rsquo;\u00ab\u00a0Id\u00e9e que l\u2019espace et la forme sont engendr\u00e9s [&hellip;]\" \/>\n<meta property=\"og:url\" content=\"https:\/\/www.francoisburgher.fr\/fr\/leonardo-da-vinci-au-musee-du-louvre-de-paris\/\" \/>\n<meta property=\"og:site_name\" content=\"Fran\u00e7ois Burgher\" \/>\n<meta property=\"article:published_time\" content=\"2020-01-24T21:33:07+00:00\" \/>\n<meta property=\"article:modified_time\" content=\"2020-01-28T22:04:44+00:00\" \/>\n<meta property=\"og:image\" content=\"https:\/\/www.francoisburgher.fr\/app\/uploads\/2020\/01\/TITRE-LOUVRE-VINCI-FR-1.jpg\" \/>\n\t<meta property=\"og:image:width\" content=\"968\" \/>\n\t<meta property=\"og:image:height\" content=\"480\" \/>\n\t<meta property=\"og:image:type\" content=\"image\/jpeg\" \/>\n<meta name=\"author\" content=\"Fran\u00e7ois Burgher\" \/>\n<meta name=\"twitter:card\" content=\"summary_large_image\" \/>\n<meta name=\"twitter:label1\" content=\"Written by\" \/>\n\t<meta name=\"twitter:data1\" content=\"Fran\u00e7ois Burgher\" \/>\n\t<meta name=\"twitter:label2\" content=\"Est. reading time\" \/>\n\t<meta name=\"twitter:data2\" content=\"3 minutes\" \/>\n<script type=\"application\/ld+json\" class=\"yoast-schema-graph\">{\"@context\":\"https:\\\/\\\/schema.org\",\"@graph\":[{\"@type\":\"Article\",\"@id\":\"https:\\\/\\\/www.francoisburgher.fr\\\/fr\\\/leonardo-da-vinci-au-musee-du-louvre-de-paris\\\/#article\",\"isPartOf\":{\"@id\":\"https:\\\/\\\/www.francoisburgher.fr\\\/fr\\\/leonardo-da-vinci-au-musee-du-louvre-de-paris\\\/\"},\"author\":{\"name\":\"Fran\u00e7ois Burgher\",\"@id\":\"https:\\\/\\\/www.francoisburgher.fr\\\/fr\\\/#\\\/schema\\\/person\\\/5df89688ef756ef4adad8dfa739d18a1\"},\"headline\":\"LEONARDO DA VINCI au Mus\u00e9e du Louvre de Paris\",\"datePublished\":\"2020-01-24T21:33:07+00:00\",\"dateModified\":\"2020-01-28T22:04:44+00:00\",\"mainEntityOfPage\":{\"@id\":\"https:\\\/\\\/www.francoisburgher.fr\\\/fr\\\/leonardo-da-vinci-au-musee-du-louvre-de-paris\\\/\"},\"wordCount\":648,\"commentCount\":0,\"image\":{\"@id\":\"https:\\\/\\\/www.francoisburgher.fr\\\/fr\\\/leonardo-da-vinci-au-musee-du-louvre-de-paris\\\/#primaryimage\"},\"thumbnailUrl\":\"https:\\\/\\\/www.francoisburgher.fr\\\/app\\\/uploads\\\/2020\\\/01\\\/TITRE-LOUVRE-VINCI-FR-1.jpg\",\"articleSection\":[\"Non classifi\u00e9(e)\"],\"inLanguage\":\"fr-FR\",\"potentialAction\":[{\"@type\":\"CommentAction\",\"name\":\"Comment\",\"target\":[\"https:\\\/\\\/www.francoisburgher.fr\\\/fr\\\/leonardo-da-vinci-au-musee-du-louvre-de-paris\\\/#respond\"]}]},{\"@type\":\"WebPage\",\"@id\":\"https:\\\/\\\/www.francoisburgher.fr\\\/fr\\\/leonardo-da-vinci-au-musee-du-louvre-de-paris\\\/\",\"url\":\"https:\\\/\\\/www.francoisburgher.fr\\\/fr\\\/leonardo-da-vinci-au-musee-du-louvre-de-paris\\\/\",\"name\":\"LEONARDO DA VINCI au Mus\u00e9e du Louvre de Paris - Fran\u00e7ois Burgher\",\"isPartOf\":{\"@id\":\"https:\\\/\\\/www.francoisburgher.fr\\\/fr\\\/#website\"},\"primaryImageOfPage\":{\"@id\":\"https:\\\/\\\/www.francoisburgher.fr\\\/fr\\\/leonardo-da-vinci-au-musee-du-louvre-de-paris\\\/#primaryimage\"},\"image\":{\"@id\":\"https:\\\/\\\/www.francoisburgher.fr\\\/fr\\\/leonardo-da-vinci-au-musee-du-louvre-de-paris\\\/#primaryimage\"},\"thumbnailUrl\":\"https:\\\/\\\/www.francoisburgher.fr\\\/app\\\/uploads\\\/2020\\\/01\\\/TITRE-LOUVRE-VINCI-FR-1.jpg\",\"datePublished\":\"2020-01-24T21:33:07+00:00\",\"dateModified\":\"2020-01-28T22:04:44+00:00\",\"author\":{\"@id\":\"https:\\\/\\\/www.francoisburgher.fr\\\/fr\\\/#\\\/schema\\\/person\\\/5df89688ef756ef4adad8dfa739d18a1\"},\"breadcrumb\":{\"@id\":\"https:\\\/\\\/www.francoisburgher.fr\\\/fr\\\/leonardo-da-vinci-au-musee-du-louvre-de-paris\\\/#breadcrumb\"},\"inLanguage\":\"fr-FR\",\"potentialAction\":[{\"@type\":\"ReadAction\",\"target\":[\"https:\\\/\\\/www.francoisburgher.fr\\\/fr\\\/leonardo-da-vinci-au-musee-du-louvre-de-paris\\\/\"]}]},{\"@type\":\"ImageObject\",\"inLanguage\":\"fr-FR\",\"@id\":\"https:\\\/\\\/www.francoisburgher.fr\\\/fr\\\/leonardo-da-vinci-au-musee-du-louvre-de-paris\\\/#primaryimage\",\"url\":\"https:\\\/\\\/www.francoisburgher.fr\\\/app\\\/uploads\\\/2020\\\/01\\\/TITRE-LOUVRE-VINCI-FR-1.jpg\",\"contentUrl\":\"https:\\\/\\\/www.francoisburgher.fr\\\/app\\\/uploads\\\/2020\\\/01\\\/TITRE-LOUVRE-VINCI-FR-1.jpg\",\"width\":968,\"height\":480},{\"@type\":\"BreadcrumbList\",\"@id\":\"https:\\\/\\\/www.francoisburgher.fr\\\/fr\\\/leonardo-da-vinci-au-musee-du-louvre-de-paris\\\/#breadcrumb\",\"itemListElement\":[{\"@type\":\"ListItem\",\"position\":1,\"name\":\"Home\",\"item\":\"https:\\\/\\\/www.francoisburgher.fr\\\/fr\\\/\"},{\"@type\":\"ListItem\",\"position\":2,\"name\":\"LEONARDO DA VINCI au Mus\u00e9e du Louvre de Paris\"}]},{\"@type\":\"WebSite\",\"@id\":\"https:\\\/\\\/www.francoisburgher.fr\\\/fr\\\/#website\",\"url\":\"https:\\\/\\\/www.francoisburgher.fr\\\/fr\\\/\",\"name\":\"Fran\u00e7ois Burgher\",\"description\":\"Un site utilisant WordPress\",\"potentialAction\":[{\"@type\":\"SearchAction\",\"target\":{\"@type\":\"EntryPoint\",\"urlTemplate\":\"https:\\\/\\\/www.francoisburgher.fr\\\/fr\\\/?s={search_term_string}\"},\"query-input\":{\"@type\":\"PropertyValueSpecification\",\"valueRequired\":true,\"valueName\":\"search_term_string\"}}],\"inLanguage\":\"fr-FR\"},{\"@type\":\"Person\",\"@id\":\"https:\\\/\\\/www.francoisburgher.fr\\\/fr\\\/#\\\/schema\\\/person\\\/5df89688ef756ef4adad8dfa739d18a1\",\"name\":\"Fran\u00e7ois Burgher\",\"image\":{\"@type\":\"ImageObject\",\"inLanguage\":\"fr-FR\",\"@id\":\"https:\\\/\\\/secure.gravatar.com\\\/avatar\\\/57f3b3fa295ca58495dea842025ad1c3a87035605115e3c619c5ed9a35145a24?s=96&d=mm&r=g\",\"url\":\"https:\\\/\\\/secure.gravatar.com\\\/avatar\\\/57f3b3fa295ca58495dea842025ad1c3a87035605115e3c619c5ed9a35145a24?s=96&d=mm&r=g\",\"contentUrl\":\"https:\\\/\\\/secure.gravatar.com\\\/avatar\\\/57f3b3fa295ca58495dea842025ad1c3a87035605115e3c619c5ed9a35145a24?s=96&d=mm&r=g\",\"caption\":\"Fran\u00e7ois Burgher\"}}]}<\/script>\n<!-- \/ Yoast SEO plugin. -->","yoast_head_json":{"title":"LEONARDO DA VINCI au Mus\u00e9e du Louvre de Paris - Fran\u00e7ois Burgher","robots":{"index":"index","follow":"follow","max-snippet":"max-snippet:-1","max-image-preview":"max-image-preview:large","max-video-preview":"max-video-preview:-1"},"canonical":"https:\/\/www.francoisburgher.fr\/fr\/leonardo-da-vinci-au-musee-du-louvre-de-paris\/","og_locale":"fr_FR","og_type":"article","og_title":"LEONARDO DA VINCI au Mus\u00e9e du Louvre de Paris - Fran\u00e7ois Burgher","og_description":"[vc_row][vc_column][vc_column_text] [\/vc_column_text][\/vc_column][\/vc_row][vc_row][vc_column][vc_column_text] Une impressionnante exposition\u00a0est en cours au Mus\u00e9e du Louvre de Paris. Un retentissement international, \u00e0 guichet presque ferm\u00e9, une mar\u00e9e humaine\u2026 En voici juste quelques \u00ab\u00a0\u00e9clats\u00a0\u00bb tr\u00e8s focalis\u00e9s ! [\/vc_column_text][\/vc_column][\/vc_row][vc_row][vc_column][vc_column_text] Le Christ et Saint Thomas d&rsquo;Andrea del Verrocchio dont L\u00e9onard fut l\u2019\u00e9l\u00e8ve. Il y per\u00e7u l&rsquo;\u00ab\u00a0Id\u00e9e que l\u2019espace et la forme sont engendr\u00e9s [&hellip;]","og_url":"https:\/\/www.francoisburgher.fr\/fr\/leonardo-da-vinci-au-musee-du-louvre-de-paris\/","og_site_name":"Fran\u00e7ois Burgher","article_published_time":"2020-01-24T21:33:07+00:00","article_modified_time":"2020-01-28T22:04:44+00:00","og_image":[{"width":968,"height":480,"url":"https:\/\/www.francoisburgher.fr\/app\/uploads\/2020\/01\/TITRE-LOUVRE-VINCI-FR-1.jpg","type":"image\/jpeg"}],"author":"Fran\u00e7ois Burgher","twitter_card":"summary_large_image","twitter_misc":{"Written by":"Fran\u00e7ois Burgher","Est. reading time":"3 minutes"},"schema":{"@context":"https:\/\/schema.org","@graph":[{"@type":"Article","@id":"https:\/\/www.francoisburgher.fr\/fr\/leonardo-da-vinci-au-musee-du-louvre-de-paris\/#article","isPartOf":{"@id":"https:\/\/www.francoisburgher.fr\/fr\/leonardo-da-vinci-au-musee-du-louvre-de-paris\/"},"author":{"name":"Fran\u00e7ois Burgher","@id":"https:\/\/www.francoisburgher.fr\/fr\/#\/schema\/person\/5df89688ef756ef4adad8dfa739d18a1"},"headline":"LEONARDO DA VINCI au Mus\u00e9e du Louvre de Paris","datePublished":"2020-01-24T21:33:07+00:00","dateModified":"2020-01-28T22:04:44+00:00","mainEntityOfPage":{"@id":"https:\/\/www.francoisburgher.fr\/fr\/leonardo-da-vinci-au-musee-du-louvre-de-paris\/"},"wordCount":648,"commentCount":0,"image":{"@id":"https:\/\/www.francoisburgher.fr\/fr\/leonardo-da-vinci-au-musee-du-louvre-de-paris\/#primaryimage"},"thumbnailUrl":"https:\/\/www.francoisburgher.fr\/app\/uploads\/2020\/01\/TITRE-LOUVRE-VINCI-FR-1.jpg","articleSection":["Non classifi\u00e9(e)"],"inLanguage":"fr-FR","potentialAction":[{"@type":"CommentAction","name":"Comment","target":["https:\/\/www.francoisburgher.fr\/fr\/leonardo-da-vinci-au-musee-du-louvre-de-paris\/#respond"]}]},{"@type":"WebPage","@id":"https:\/\/www.francoisburgher.fr\/fr\/leonardo-da-vinci-au-musee-du-louvre-de-paris\/","url":"https:\/\/www.francoisburgher.fr\/fr\/leonardo-da-vinci-au-musee-du-louvre-de-paris\/","name":"LEONARDO DA VINCI au Mus\u00e9e du Louvre de Paris - Fran\u00e7ois Burgher","isPartOf":{"@id":"https:\/\/www.francoisburgher.fr\/fr\/#website"},"primaryImageOfPage":{"@id":"https:\/\/www.francoisburgher.fr\/fr\/leonardo-da-vinci-au-musee-du-louvre-de-paris\/#primaryimage"},"image":{"@id":"https:\/\/www.francoisburgher.fr\/fr\/leonardo-da-vinci-au-musee-du-louvre-de-paris\/#primaryimage"},"thumbnailUrl":"https:\/\/www.francoisburgher.fr\/app\/uploads\/2020\/01\/TITRE-LOUVRE-VINCI-FR-1.jpg","datePublished":"2020-01-24T21:33:07+00:00","dateModified":"2020-01-28T22:04:44+00:00","author":{"@id":"https:\/\/www.francoisburgher.fr\/fr\/#\/schema\/person\/5df89688ef756ef4adad8dfa739d18a1"},"breadcrumb":{"@id":"https:\/\/www.francoisburgher.fr\/fr\/leonardo-da-vinci-au-musee-du-louvre-de-paris\/#breadcrumb"},"inLanguage":"fr-FR","potentialAction":[{"@type":"ReadAction","target":["https:\/\/www.francoisburgher.fr\/fr\/leonardo-da-vinci-au-musee-du-louvre-de-paris\/"]}]},{"@type":"ImageObject","inLanguage":"fr-FR","@id":"https:\/\/www.francoisburgher.fr\/fr\/leonardo-da-vinci-au-musee-du-louvre-de-paris\/#primaryimage","url":"https:\/\/www.francoisburgher.fr\/app\/uploads\/2020\/01\/TITRE-LOUVRE-VINCI-FR-1.jpg","contentUrl":"https:\/\/www.francoisburgher.fr\/app\/uploads\/2020\/01\/TITRE-LOUVRE-VINCI-FR-1.jpg","width":968,"height":480},{"@type":"BreadcrumbList","@id":"https:\/\/www.francoisburgher.fr\/fr\/leonardo-da-vinci-au-musee-du-louvre-de-paris\/#breadcrumb","itemListElement":[{"@type":"ListItem","position":1,"name":"Home","item":"https:\/\/www.francoisburgher.fr\/fr\/"},{"@type":"ListItem","position":2,"name":"LEONARDO DA VINCI au Mus\u00e9e du Louvre de Paris"}]},{"@type":"WebSite","@id":"https:\/\/www.francoisburgher.fr\/fr\/#website","url":"https:\/\/www.francoisburgher.fr\/fr\/","name":"Fran\u00e7ois Burgher","description":"Un site utilisant WordPress","potentialAction":[{"@type":"SearchAction","target":{"@type":"EntryPoint","urlTemplate":"https:\/\/www.francoisburgher.fr\/fr\/?s={search_term_string}"},"query-input":{"@type":"PropertyValueSpecification","valueRequired":true,"valueName":"search_term_string"}}],"inLanguage":"fr-FR"},{"@type":"Person","@id":"https:\/\/www.francoisburgher.fr\/fr\/#\/schema\/person\/5df89688ef756ef4adad8dfa739d18a1","name":"Fran\u00e7ois Burgher","image":{"@type":"ImageObject","inLanguage":"fr-FR","@id":"https:\/\/secure.gravatar.com\/avatar\/57f3b3fa295ca58495dea842025ad1c3a87035605115e3c619c5ed9a35145a24?s=96&d=mm&r=g","url":"https:\/\/secure.gravatar.com\/avatar\/57f3b3fa295ca58495dea842025ad1c3a87035605115e3c619c5ed9a35145a24?s=96&d=mm&r=g","contentUrl":"https:\/\/secure.gravatar.com\/avatar\/57f3b3fa295ca58495dea842025ad1c3a87035605115e3c619c5ed9a35145a24?s=96&d=mm&r=g","caption":"Fran\u00e7ois Burgher"}}]}},"_links":{"self":[{"href":"https:\/\/www.francoisburgher.fr\/fr\/wp-json\/wp\/v2\/posts\/6640","targetHints":{"allow":["GET"]}}],"collection":[{"href":"https:\/\/www.francoisburgher.fr\/fr\/wp-json\/wp\/v2\/posts"}],"about":[{"href":"https:\/\/www.francoisburgher.fr\/fr\/wp-json\/wp\/v2\/types\/post"}],"author":[{"embeddable":true,"href":"https:\/\/www.francoisburgher.fr\/fr\/wp-json\/wp\/v2\/users\/2"}],"replies":[{"embeddable":true,"href":"https:\/\/www.francoisburgher.fr\/fr\/wp-json\/wp\/v2\/comments?post=6640"}],"version-history":[{"count":5,"href":"https:\/\/www.francoisburgher.fr\/fr\/wp-json\/wp\/v2\/posts\/6640\/revisions"}],"predecessor-version":[{"id":6644,"href":"https:\/\/www.francoisburgher.fr\/fr\/wp-json\/wp\/v2\/posts\/6640\/revisions\/6644"}],"wp:featuredmedia":[{"embeddable":true,"href":"https:\/\/www.francoisburgher.fr\/fr\/wp-json\/wp\/v2\/media\/6658"}],"wp:attachment":[{"href":"https:\/\/www.francoisburgher.fr\/fr\/wp-json\/wp\/v2\/media?parent=6640"}],"wp:term":[{"taxonomy":"category","embeddable":true,"href":"https:\/\/www.francoisburgher.fr\/fr\/wp-json\/wp\/v2\/categories?post=6640"},{"taxonomy":"post_tag","embeddable":true,"href":"https:\/\/www.francoisburgher.fr\/fr\/wp-json\/wp\/v2\/tags?post=6640"}],"curies":[{"name":"wp","href":"https:\/\/api.w.org\/{rel}","templated":true}]}}