{"id":6585,"date":"2020-01-18T21:36:13","date_gmt":"2020-01-18T20:36:13","guid":{"rendered":"https:\/\/www.francoisburgher.fr\/?p=6585"},"modified":"2020-01-28T23:05:25","modified_gmt":"2020-01-28T22:05:25","slug":"pierre-soulage-au-musee-du-louvre-de-paris","status":"publish","type":"post","link":"https:\/\/www.francoisburgher.fr\/fr\/pierre-soulage-au-musee-du-louvre-de-paris\/","title":{"rendered":"Pierre Soulages au mus\u00e9e du Louvre de Paris"},"content":{"rendered":"<div class=\"wpb-content-wrapper\"><p>[vc_row][vc_column][vc_column_text]<strong>Pour les 100 ans de Pierre Soulages, une exposition lui est consacr\u00e9e dans le Salon Carr\u00e9 du Mus\u00e9e du Louvre \u00e0 Paris.\u00a0<\/strong><\/p>\n<p><strong>Elle pr\u00e9sente en quelques tableaux une r\u00e9trospective de 1919 \u00e0 nos jours.\u00a0<\/strong><\/p>\n<p><strong>De la visite de cette salle unique, je vous propose justes quelques modestes \u00ab\u00a0\u00e9clats\u00a0\u00bb des oeuvres magistrales.<\/strong>[\/vc_column_text][\/vc_column][\/vc_row][vc_row][vc_column][vc_column_text]<\/p>\n<p style=\"text-align: center;\"><a href=\"https:\/\/www.francoisburgher.fr\/app\/uploads\/2020\/01\/Francois-Burgher-photos-photographies-images-pictures-2019-12-MUSEE-DU-LOUVRE-SOULAGE-ENFANT-JESUS-TABLEAUX-34.jpg\"><strong>1953<\/strong><img loading=\"lazy\" decoding=\"async\" class=\"aligncenter wp-image-6557 size-full\" src=\"https:\/\/www.francoisburgher.fr\/app\/uploads\/2020\/01\/Francois-Burgher-photos-photographies-images-pictures-2019-12-MUSEE-DU-LOUVRE-SOULAGE-ENFANT-JESUS-TABLEAUX-34.jpg\" alt=\"\" width=\"1454\" height=\"2000\" srcset=\"https:\/\/www.francoisburgher.fr\/app\/uploads\/2020\/01\/Francois-Burgher-photos-photographies-images-pictures-2019-12-MUSEE-DU-LOUVRE-SOULAGE-ENFANT-JESUS-TABLEAUX-34.jpg 1454w, https:\/\/www.francoisburgher.fr\/app\/uploads\/2020\/01\/Francois-Burgher-photos-photographies-images-pictures-2019-12-MUSEE-DU-LOUVRE-SOULAGE-ENFANT-JESUS-TABLEAUX-34-768x1056.jpg 768w, https:\/\/www.francoisburgher.fr\/app\/uploads\/2020\/01\/Francois-Burgher-photos-photographies-images-pictures-2019-12-MUSEE-DU-LOUVRE-SOULAGE-ENFANT-JESUS-TABLEAUX-34-624x858.jpg 624w\" sizes=\"auto, (max-width: 1454px) 100vw, 1454px\" \/><\/a><\/p>\n<p>[\/vc_column_text][\/vc_column][\/vc_row][vc_row][vc_column][vc_column_text]<\/p>\n<p>&nbsp;<\/p>\n<p><a href=\"https:\/\/www.francoisburgher.fr\/app\/uploads\/2020\/01\/Francois-Burgher-photos-photographies-images-pictures-2019-12-MUSEE-DU-LOUVRE-SOULAGE-ENFANT-JESUS-TABLEAUX-8.jpg\"><img loading=\"lazy\" decoding=\"async\" class=\"aligncenter wp-image-6535 size-full\" src=\"https:\/\/www.francoisburgher.fr\/app\/uploads\/2020\/01\/Francois-Burgher-photos-photographies-images-pictures-2019-12-MUSEE-DU-LOUVRE-SOULAGE-ENFANT-JESUS-TABLEAUX-8.jpg\" alt=\"\" width=\"2000\" height=\"1500\" srcset=\"https:\/\/www.francoisburgher.fr\/app\/uploads\/2020\/01\/Francois-Burgher-photos-photographies-images-pictures-2019-12-MUSEE-DU-LOUVRE-SOULAGE-ENFANT-JESUS-TABLEAUX-8.jpg 2000w, https:\/\/www.francoisburgher.fr\/app\/uploads\/2020\/01\/Francois-Burgher-photos-photographies-images-pictures-2019-12-MUSEE-DU-LOUVRE-SOULAGE-ENFANT-JESUS-TABLEAUX-8-768x576.jpg 768w, https:\/\/www.francoisburgher.fr\/app\/uploads\/2020\/01\/Francois-Burgher-photos-photographies-images-pictures-2019-12-MUSEE-DU-LOUVRE-SOULAGE-ENFANT-JESUS-TABLEAUX-8-624x468.jpg 624w\" sizes=\"auto, (max-width: 2000px) 100vw, 2000px\" \/><\/a><\/p>\n<p>&nbsp;<\/p>\n<p>[\/vc_column_text][\/vc_column][\/vc_row][vc_row][vc_column][vc_column_text]<\/p>\n<p>&nbsp;<\/p>\n<p style=\"text-align: center;\"><a href=\"https:\/\/www.francoisburgher.fr\/app\/uploads\/2020\/01\/Francois-Burgher-photos-photographies-images-pictures-2019-12-MUSEE-DU-LOUVRE-SOULAGE-ENFANT-JESUS-TABLEAUX-9.jpg\"><img loading=\"lazy\" decoding=\"async\" class=\"aligncenter wp-image-6537 size-full\" src=\"https:\/\/www.francoisburgher.fr\/app\/uploads\/2020\/01\/Francois-Burgher-photos-photographies-images-pictures-2019-12-MUSEE-DU-LOUVRE-SOULAGE-ENFANT-JESUS-TABLEAUX-9.jpg\" alt=\"\" width=\"2000\" height=\"1500\" srcset=\"https:\/\/www.francoisburgher.fr\/app\/uploads\/2020\/01\/Francois-Burgher-photos-photographies-images-pictures-2019-12-MUSEE-DU-LOUVRE-SOULAGE-ENFANT-JESUS-TABLEAUX-9.jpg 2000w, https:\/\/www.francoisburgher.fr\/app\/uploads\/2020\/01\/Francois-Burgher-photos-photographies-images-pictures-2019-12-MUSEE-DU-LOUVRE-SOULAGE-ENFANT-JESUS-TABLEAUX-9-768x576.jpg 768w, https:\/\/www.francoisburgher.fr\/app\/uploads\/2020\/01\/Francois-Burgher-photos-photographies-images-pictures-2019-12-MUSEE-DU-LOUVRE-SOULAGE-ENFANT-JESUS-TABLEAUX-9-624x468.jpg 624w\" sizes=\"auto, (max-width: 2000px) 100vw, 2000px\" \/><\/a><\/p>\n<p>&nbsp;<\/p>\n<p>[\/vc_column_text][\/vc_column][\/vc_row][vc_row][vc_column][vc_column_text]<\/p>\n<p>&nbsp;<\/p>\n<p style=\"text-align: center;\"><a href=\"https:\/\/www.francoisburgher.fr\/app\/uploads\/2020\/01\/Francois-Burgher-photos-photographies-images-pictures-2019-12-MUSEE-DU-LOUVRE-SOULAGE-ENFANT-JESUS-TABLEAUX-38.jpg\"><img loading=\"lazy\" decoding=\"async\" class=\"aligncenter wp-image-6561 size-full\" src=\"https:\/\/www.francoisburgher.fr\/app\/uploads\/2020\/01\/Francois-Burgher-photos-photographies-images-pictures-2019-12-MUSEE-DU-LOUVRE-SOULAGE-ENFANT-JESUS-TABLEAUX-38.jpg\" alt=\"\" width=\"1577\" height=\"2000\" srcset=\"https:\/\/www.francoisburgher.fr\/app\/uploads\/2020\/01\/Francois-Burgher-photos-photographies-images-pictures-2019-12-MUSEE-DU-LOUVRE-SOULAGE-ENFANT-JESUS-TABLEAUX-38.jpg 1577w, https:\/\/www.francoisburgher.fr\/app\/uploads\/2020\/01\/Francois-Burgher-photos-photographies-images-pictures-2019-12-MUSEE-DU-LOUVRE-SOULAGE-ENFANT-JESUS-TABLEAUX-38-768x974.jpg 768w, https:\/\/www.francoisburgher.fr\/app\/uploads\/2020\/01\/Francois-Burgher-photos-photographies-images-pictures-2019-12-MUSEE-DU-LOUVRE-SOULAGE-ENFANT-JESUS-TABLEAUX-38-624x791.jpg 624w\" sizes=\"auto, (max-width: 1577px) 100vw, 1577px\" \/><\/a><\/p>\n<p>&nbsp;<\/p>\n<p>[\/vc_column_text][\/vc_column][\/vc_row][vc_row][vc_column][vc_column_text]<\/p>\n<p>&nbsp;<\/p>\n<p style=\"text-align: center;\"><a href=\"https:\/\/www.francoisburgher.fr\/app\/uploads\/2020\/01\/Francois-Burgher-photos-photographies-images-pictures-2019-12-MUSEE-DU-LOUVRE-SOULAGE-ENFANT-JESUS-TABLEAUX-31.jpg\"><img loading=\"lazy\" decoding=\"async\" class=\"aligncenter wp-image-6555 size-full\" src=\"https:\/\/www.francoisburgher.fr\/app\/uploads\/2020\/01\/Francois-Burgher-photos-photographies-images-pictures-2019-12-MUSEE-DU-LOUVRE-SOULAGE-ENFANT-JESUS-TABLEAUX-31.jpg\" alt=\"\" width=\"1270\" height=\"2000\" srcset=\"https:\/\/www.francoisburgher.fr\/app\/uploads\/2020\/01\/Francois-Burgher-photos-photographies-images-pictures-2019-12-MUSEE-DU-LOUVRE-SOULAGE-ENFANT-JESUS-TABLEAUX-31.jpg 1270w, https:\/\/www.francoisburgher.fr\/app\/uploads\/2020\/01\/Francois-Burgher-photos-photographies-images-pictures-2019-12-MUSEE-DU-LOUVRE-SOULAGE-ENFANT-JESUS-TABLEAUX-31-768x1209.jpg 768w, https:\/\/www.francoisburgher.fr\/app\/uploads\/2020\/01\/Francois-Burgher-photos-photographies-images-pictures-2019-12-MUSEE-DU-LOUVRE-SOULAGE-ENFANT-JESUS-TABLEAUX-31-624x983.jpg 624w\" sizes=\"auto, (max-width: 1270px) 100vw, 1270px\" \/><\/a><\/p>\n<p>&nbsp;<\/p>\n<p>[\/vc_column_text][vc_column_text]<\/p>\n<p>&nbsp;<\/p>\n<p>&nbsp;<\/p>\n<p style=\"text-align: center;\"><a href=\"https:\/\/www.francoisburgher.fr\/app\/uploads\/2020\/01\/Francois-Burgher-photos-photographies-images-pictures-2019-12-MUSEE-DU-LOUVRE-SOULAGE-ENFANT-JESUS-TABLEAUX-35.jpg\"><img loading=\"lazy\" decoding=\"async\" class=\"aligncenter wp-image-6559 size-full\" src=\"https:\/\/www.francoisburgher.fr\/app\/uploads\/2020\/01\/Francois-Burgher-photos-photographies-images-pictures-2019-12-MUSEE-DU-LOUVRE-SOULAGE-ENFANT-JESUS-TABLEAUX-35.jpg\" alt=\"\" width=\"1500\" height=\"2000\" srcset=\"https:\/\/www.francoisburgher.fr\/app\/uploads\/2020\/01\/Francois-Burgher-photos-photographies-images-pictures-2019-12-MUSEE-DU-LOUVRE-SOULAGE-ENFANT-JESUS-TABLEAUX-35.jpg 1500w, https:\/\/www.francoisburgher.fr\/app\/uploads\/2020\/01\/Francois-Burgher-photos-photographies-images-pictures-2019-12-MUSEE-DU-LOUVRE-SOULAGE-ENFANT-JESUS-TABLEAUX-35-768x1024.jpg 768w, https:\/\/www.francoisburgher.fr\/app\/uploads\/2020\/01\/Francois-Burgher-photos-photographies-images-pictures-2019-12-MUSEE-DU-LOUVRE-SOULAGE-ENFANT-JESUS-TABLEAUX-35-624x832.jpg 624w\" sizes=\"auto, (max-width: 1500px) 100vw, 1500px\" \/><\/a><\/p>\n<p>&nbsp;<\/p>\n<p>[\/vc_column_text][\/vc_column][\/vc_row][vc_row][vc_column][vc_column_text]<\/p>\n<p>&nbsp;<\/p>\n<p style=\"text-align: center;\"><a href=\"https:\/\/www.francoisburgher.fr\/app\/uploads\/2020\/01\/Francois-Burgher-photos-photographies-images-pictures-2019-12-MUSEE-DU-LOUVRE-SOULAGE-ENFANT-JESUS-TABLEAUX-47.jpg\"><img loading=\"lazy\" decoding=\"async\" class=\"aligncenter wp-image-6571 size-full\" src=\"https:\/\/www.francoisburgher.fr\/app\/uploads\/2020\/01\/Francois-Burgher-photos-photographies-images-pictures-2019-12-MUSEE-DU-LOUVRE-SOULAGE-ENFANT-JESUS-TABLEAUX-47.jpg\" alt=\"\" width=\"2000\" height=\"1500\" srcset=\"https:\/\/www.francoisburgher.fr\/app\/uploads\/2020\/01\/Francois-Burgher-photos-photographies-images-pictures-2019-12-MUSEE-DU-LOUVRE-SOULAGE-ENFANT-JESUS-TABLEAUX-47.jpg 2000w, https:\/\/www.francoisburgher.fr\/app\/uploads\/2020\/01\/Francois-Burgher-photos-photographies-images-pictures-2019-12-MUSEE-DU-LOUVRE-SOULAGE-ENFANT-JESUS-TABLEAUX-47-768x576.jpg 768w, https:\/\/www.francoisburgher.fr\/app\/uploads\/2020\/01\/Francois-Burgher-photos-photographies-images-pictures-2019-12-MUSEE-DU-LOUVRE-SOULAGE-ENFANT-JESUS-TABLEAUX-47-624x468.jpg 624w\" sizes=\"auto, (max-width: 2000px) 100vw, 2000px\" \/><\/a><\/p>\n<p>&nbsp;<\/p>\n<p>[\/vc_column_text][\/vc_column][\/vc_row][vc_row][vc_column][vc_column_text]<\/p>\n<p>&nbsp;<\/p>\n<p style=\"text-align: center;\"><a href=\"https:\/\/www.francoisburgher.fr\/app\/uploads\/2020\/01\/Francois-Burgher-photos-photographies-images-pictures-2019-12-MUSEE-DU-LOUVRE-SOULAGE-ENFANT-JESUS-TABLEAUX-23.jpg\"><img loading=\"lazy\" decoding=\"async\" class=\"aligncenter wp-image-6543 size-full\" src=\"https:\/\/www.francoisburgher.fr\/app\/uploads\/2020\/01\/Francois-Burgher-photos-photographies-images-pictures-2019-12-MUSEE-DU-LOUVRE-SOULAGE-ENFANT-JESUS-TABLEAUX-23.jpg\" alt=\"\" width=\"2000\" height=\"1500\" srcset=\"https:\/\/www.francoisburgher.fr\/app\/uploads\/2020\/01\/Francois-Burgher-photos-photographies-images-pictures-2019-12-MUSEE-DU-LOUVRE-SOULAGE-ENFANT-JESUS-TABLEAUX-23.jpg 2000w, https:\/\/www.francoisburgher.fr\/app\/uploads\/2020\/01\/Francois-Burgher-photos-photographies-images-pictures-2019-12-MUSEE-DU-LOUVRE-SOULAGE-ENFANT-JESUS-TABLEAUX-23-768x576.jpg 768w, https:\/\/www.francoisburgher.fr\/app\/uploads\/2020\/01\/Francois-Burgher-photos-photographies-images-pictures-2019-12-MUSEE-DU-LOUVRE-SOULAGE-ENFANT-JESUS-TABLEAUX-23-624x468.jpg 624w\" sizes=\"auto, (max-width: 2000px) 100vw, 2000px\" \/><\/a><\/p>\n<p>&nbsp;<\/p>\n<p>[\/vc_column_text][\/vc_column][\/vc_row][vc_row][vc_column][vc_column_text]<\/p>\n<p style=\"text-align: center;\"><a href=\"https:\/\/www.francoisburgher.fr\/app\/uploads\/2020\/01\/Francois-Burgher-photos-photographies-images-pictures-2019-12-MUSEE-DU-LOUVRE-SOULAGE-ENFANT-JESUS-TABLEAUX-27.jpg\"><strong>1985<\/strong><img loading=\"lazy\" decoding=\"async\" class=\"aligncenter wp-image-6551 size-full\" src=\"https:\/\/www.francoisburgher.fr\/app\/uploads\/2020\/01\/Francois-Burgher-photos-photographies-images-pictures-2019-12-MUSEE-DU-LOUVRE-SOULAGE-ENFANT-JESUS-TABLEAUX-27.jpg\" alt=\"\" width=\"2000\" height=\"1834\" srcset=\"https:\/\/www.francoisburgher.fr\/app\/uploads\/2020\/01\/Francois-Burgher-photos-photographies-images-pictures-2019-12-MUSEE-DU-LOUVRE-SOULAGE-ENFANT-JESUS-TABLEAUX-27.jpg 2000w, https:\/\/www.francoisburgher.fr\/app\/uploads\/2020\/01\/Francois-Burgher-photos-photographies-images-pictures-2019-12-MUSEE-DU-LOUVRE-SOULAGE-ENFANT-JESUS-TABLEAUX-27-768x704.jpg 768w, https:\/\/www.francoisburgher.fr\/app\/uploads\/2020\/01\/Francois-Burgher-photos-photographies-images-pictures-2019-12-MUSEE-DU-LOUVRE-SOULAGE-ENFANT-JESUS-TABLEAUX-27-624x572.jpg 624w\" sizes=\"auto, (max-width: 2000px) 100vw, 2000px\" \/><\/a><\/p>\n<p>[\/vc_column_text][\/vc_column][\/vc_row][vc_row][vc_column][vc_column_text]<\/p>\n<p>&nbsp;<\/p>\n<p style=\"text-align: center;\"><a href=\"https:\/\/www.francoisburgher.fr\/app\/uploads\/2020\/01\/Francois-Burgher-photos-photographies-images-pictures-2019-12-MUSEE-DU-LOUVRE-SOULAGE-ENFANT-JESUS-TABLEAUX-14.jpg\"><img loading=\"lazy\" decoding=\"async\" class=\"aligncenter wp-image-6539 size-full\" src=\"https:\/\/www.francoisburgher.fr\/app\/uploads\/2020\/01\/Francois-Burgher-photos-photographies-images-pictures-2019-12-MUSEE-DU-LOUVRE-SOULAGE-ENFANT-JESUS-TABLEAUX-14.jpg\" alt=\"\" width=\"1500\" height=\"2000\" srcset=\"https:\/\/www.francoisburgher.fr\/app\/uploads\/2020\/01\/Francois-Burgher-photos-photographies-images-pictures-2019-12-MUSEE-DU-LOUVRE-SOULAGE-ENFANT-JESUS-TABLEAUX-14.jpg 1500w, https:\/\/www.francoisburgher.fr\/app\/uploads\/2020\/01\/Francois-Burgher-photos-photographies-images-pictures-2019-12-MUSEE-DU-LOUVRE-SOULAGE-ENFANT-JESUS-TABLEAUX-14-768x1024.jpg 768w, https:\/\/www.francoisburgher.fr\/app\/uploads\/2020\/01\/Francois-Burgher-photos-photographies-images-pictures-2019-12-MUSEE-DU-LOUVRE-SOULAGE-ENFANT-JESUS-TABLEAUX-14-624x832.jpg 624w\" sizes=\"auto, (max-width: 1500px) 100vw, 1500px\" \/><\/a><\/p>\n<p>[\/vc_column_text][\/vc_column][\/vc_row][vc_row][vc_column][vc_column_text]<\/p>\n<p>&nbsp;<\/p>\n<p style=\"text-align: center;\"><a href=\"https:\/\/www.francoisburgher.fr\/app\/uploads\/2020\/01\/Francois-Burgher-photos-photographies-images-pictures-2019-12-MUSEE-DU-LOUVRE-SOULAGE-ENFANT-JESUS-TABLEAUX-42.jpg\"><img loading=\"lazy\" decoding=\"async\" class=\"aligncenter wp-image-6565 size-full\" src=\"https:\/\/www.francoisburgher.fr\/app\/uploads\/2020\/01\/Francois-Burgher-photos-photographies-images-pictures-2019-12-MUSEE-DU-LOUVRE-SOULAGE-ENFANT-JESUS-TABLEAUX-42.jpg\" alt=\"\" width=\"2000\" height=\"1240\" srcset=\"https:\/\/www.francoisburgher.fr\/app\/uploads\/2020\/01\/Francois-Burgher-photos-photographies-images-pictures-2019-12-MUSEE-DU-LOUVRE-SOULAGE-ENFANT-JESUS-TABLEAUX-42.jpg 2000w, https:\/\/www.francoisburgher.fr\/app\/uploads\/2020\/01\/Francois-Burgher-photos-photographies-images-pictures-2019-12-MUSEE-DU-LOUVRE-SOULAGE-ENFANT-JESUS-TABLEAUX-42-768x476.jpg 768w, https:\/\/www.francoisburgher.fr\/app\/uploads\/2020\/01\/Francois-Burgher-photos-photographies-images-pictures-2019-12-MUSEE-DU-LOUVRE-SOULAGE-ENFANT-JESUS-TABLEAUX-42-624x387.jpg 624w\" sizes=\"auto, (max-width: 2000px) 100vw, 2000px\" \/><\/a><\/p>\n<p>&nbsp;<\/p>\n<p>[\/vc_column_text][\/vc_column][\/vc_row][vc_row][vc_column][vc_column_text]<\/p>\n<p>&nbsp;<\/p>\n<p style=\"text-align: center;\"><a href=\"https:\/\/www.francoisburgher.fr\/app\/uploads\/2020\/01\/Francois-Burgher-photos-photographies-images-pictures-2019-12-MUSEE-DU-LOUVRE-SOULAGE-ENFANT-JESUS-TABLEAUX-26.jpg\"><img loading=\"lazy\" decoding=\"async\" class=\"aligncenter wp-image-6549 size-full\" src=\"https:\/\/www.francoisburgher.fr\/app\/uploads\/2020\/01\/Francois-Burgher-photos-photographies-images-pictures-2019-12-MUSEE-DU-LOUVRE-SOULAGE-ENFANT-JESUS-TABLEAUX-26.jpg\" alt=\"\" width=\"1500\" height=\"2000\" srcset=\"https:\/\/www.francoisburgher.fr\/app\/uploads\/2020\/01\/Francois-Burgher-photos-photographies-images-pictures-2019-12-MUSEE-DU-LOUVRE-SOULAGE-ENFANT-JESUS-TABLEAUX-26.jpg 1500w, https:\/\/www.francoisburgher.fr\/app\/uploads\/2020\/01\/Francois-Burgher-photos-photographies-images-pictures-2019-12-MUSEE-DU-LOUVRE-SOULAGE-ENFANT-JESUS-TABLEAUX-26-768x1024.jpg 768w, https:\/\/www.francoisburgher.fr\/app\/uploads\/2020\/01\/Francois-Burgher-photos-photographies-images-pictures-2019-12-MUSEE-DU-LOUVRE-SOULAGE-ENFANT-JESUS-TABLEAUX-26-624x832.jpg 624w\" sizes=\"auto, (max-width: 1500px) 100vw, 1500px\" \/><\/a><\/p>\n<p>[\/vc_column_text][\/vc_column][\/vc_row][vc_row][vc_column][vc_column_text]<\/p>\n<p>&nbsp;<\/p>\n<p><a href=\"https:\/\/www.francoisburgher.fr\/app\/uploads\/2020\/01\/Francois-Burgher-photos-photographies-images-pictures-2019-12-MUSEE-DU-LOUVRE-SOULAGE-ENFANT-JESUS-TABLEAUX-25.jpg\"><img loading=\"lazy\" decoding=\"async\" class=\"aligncenter wp-image-6547 size-full\" src=\"https:\/\/www.francoisburgher.fr\/app\/uploads\/2020\/01\/Francois-Burgher-photos-photographies-images-pictures-2019-12-MUSEE-DU-LOUVRE-SOULAGE-ENFANT-JESUS-TABLEAUX-25.jpg\" alt=\"\" width=\"1500\" height=\"2000\" srcset=\"https:\/\/www.francoisburgher.fr\/app\/uploads\/2020\/01\/Francois-Burgher-photos-photographies-images-pictures-2019-12-MUSEE-DU-LOUVRE-SOULAGE-ENFANT-JESUS-TABLEAUX-25.jpg 1500w, https:\/\/www.francoisburgher.fr\/app\/uploads\/2020\/01\/Francois-Burgher-photos-photographies-images-pictures-2019-12-MUSEE-DU-LOUVRE-SOULAGE-ENFANT-JESUS-TABLEAUX-25-768x1024.jpg 768w, https:\/\/www.francoisburgher.fr\/app\/uploads\/2020\/01\/Francois-Burgher-photos-photographies-images-pictures-2019-12-MUSEE-DU-LOUVRE-SOULAGE-ENFANT-JESUS-TABLEAUX-25-624x832.jpg 624w\" sizes=\"auto, (max-width: 1500px) 100vw, 1500px\" \/><\/a><\/p>\n<p>&nbsp;<\/p>\n<p>[\/vc_column_text][\/vc_column][\/vc_row][vc_row][vc_column width=\u00a0\u00bb1\/2&Prime;][vc_column_text]<\/p>\n<p style=\"text-align: center;\"><a href=\"https:\/\/www.francoisburgher.fr\/app\/uploads\/2020\/01\/Francois-Burgher-photos-photographies-images-pictures-2019-12-MUSEE-DU-LOUVRE-SOULAGE-ENFANT-JESUS-TABLEAUX-57.jpg\"><img loading=\"lazy\" decoding=\"async\" class=\"aligncenter wp-image-6573 size-full\" src=\"https:\/\/www.francoisburgher.fr\/app\/uploads\/2020\/01\/Francois-Burgher-photos-photographies-images-pictures-2019-12-MUSEE-DU-LOUVRE-SOULAGE-ENFANT-JESUS-TABLEAUX-57.jpg\" alt=\"\" width=\"1500\" height=\"2000\" srcset=\"https:\/\/www.francoisburgher.fr\/app\/uploads\/2020\/01\/Francois-Burgher-photos-photographies-images-pictures-2019-12-MUSEE-DU-LOUVRE-SOULAGE-ENFANT-JESUS-TABLEAUX-57.jpg 1500w, https:\/\/www.francoisburgher.fr\/app\/uploads\/2020\/01\/Francois-Burgher-photos-photographies-images-pictures-2019-12-MUSEE-DU-LOUVRE-SOULAGE-ENFANT-JESUS-TABLEAUX-57-768x1024.jpg 768w, https:\/\/www.francoisburgher.fr\/app\/uploads\/2020\/01\/Francois-Burgher-photos-photographies-images-pictures-2019-12-MUSEE-DU-LOUVRE-SOULAGE-ENFANT-JESUS-TABLEAUX-57-624x832.jpg 624w\" sizes=\"auto, (max-width: 1500px) 100vw, 1500px\" \/><\/a><\/p>\n<p>[\/vc_column_text][\/vc_column][vc_column width=\u00a0\u00bb1\/2&Prime;][vc_column_text]<\/p>\n<p style=\"text-align: center;\"><a href=\"https:\/\/www.francoisburgher.fr\/app\/uploads\/2020\/01\/Francois-Burgher-photos-photographies-images-pictures-2019-12-MUSEE-DU-LOUVRE-SOULAGE-ENFANT-JESUS-TABLEAUX-65-e1579380096621.jpg\"><img loading=\"lazy\" decoding=\"async\" class=\"aligncenter wp-image-6579 size-full\" src=\"https:\/\/www.francoisburgher.fr\/app\/uploads\/2020\/01\/Francois-Burgher-photos-photographies-images-pictures-2019-12-MUSEE-DU-LOUVRE-SOULAGE-ENFANT-JESUS-TABLEAUX-65-e1579380096621.jpg\" alt=\"\" width=\"1500\" height=\"2000\" srcset=\"https:\/\/www.francoisburgher.fr\/app\/uploads\/2020\/01\/Francois-Burgher-photos-photographies-images-pictures-2019-12-MUSEE-DU-LOUVRE-SOULAGE-ENFANT-JESUS-TABLEAUX-65-e1579380096621.jpg 1500w, https:\/\/www.francoisburgher.fr\/app\/uploads\/2020\/01\/Francois-Burgher-photos-photographies-images-pictures-2019-12-MUSEE-DU-LOUVRE-SOULAGE-ENFANT-JESUS-TABLEAUX-65-e1579380096621-768x1024.jpg 768w, https:\/\/www.francoisburgher.fr\/app\/uploads\/2020\/01\/Francois-Burgher-photos-photographies-images-pictures-2019-12-MUSEE-DU-LOUVRE-SOULAGE-ENFANT-JESUS-TABLEAUX-65-e1579380096621-624x832.jpg 624w\" sizes=\"auto, (max-width: 1500px) 100vw, 1500px\" \/><\/a><\/p>\n<p>[\/vc_column_text][\/vc_column][\/vc_row][vc_row][vc_column][vc_column_text]<\/p>\n<p>&nbsp;<\/p>\n<p><a href=\"https:\/\/www.francoisburgher.fr\/app\/uploads\/2020\/01\/Francois-Burgher-photos-photographies-images-pictures-2019-12-MUSEE-DU-LOUVRE-SOULAGE-ENFANT-JESUS-TABLEAUX-43.jpg\"><img loading=\"lazy\" decoding=\"async\" class=\"aligncenter wp-image-6567 size-full\" src=\"https:\/\/www.francoisburgher.fr\/app\/uploads\/2020\/01\/Francois-Burgher-photos-photographies-images-pictures-2019-12-MUSEE-DU-LOUVRE-SOULAGE-ENFANT-JESUS-TABLEAUX-43.jpg\" alt=\"\" width=\"2000\" height=\"1425\" srcset=\"https:\/\/www.francoisburgher.fr\/app\/uploads\/2020\/01\/Francois-Burgher-photos-photographies-images-pictures-2019-12-MUSEE-DU-LOUVRE-SOULAGE-ENFANT-JESUS-TABLEAUX-43.jpg 2000w, https:\/\/www.francoisburgher.fr\/app\/uploads\/2020\/01\/Francois-Burgher-photos-photographies-images-pictures-2019-12-MUSEE-DU-LOUVRE-SOULAGE-ENFANT-JESUS-TABLEAUX-43-768x547.jpg 768w, https:\/\/www.francoisburgher.fr\/app\/uploads\/2020\/01\/Francois-Burgher-photos-photographies-images-pictures-2019-12-MUSEE-DU-LOUVRE-SOULAGE-ENFANT-JESUS-TABLEAUX-43-624x445.jpg 624w\" sizes=\"auto, (max-width: 2000px) 100vw, 2000px\" \/><\/a><\/p>\n<p>&nbsp;<\/p>\n<p>[\/vc_column_text][\/vc_column][\/vc_row][vc_row][vc_column][vc_column_text]<\/p>\n<p style=\"text-align: center;\"><a href=\"https:\/\/www.francoisburgher.fr\/app\/uploads\/2020\/01\/Francois-Burgher-photos-photographies-images-pictures-2019-12-MUSEE-DU-LOUVRE-SOULAGE-ENFANT-JESUS-TABLEAUX-17.jpg\"><img loading=\"lazy\" decoding=\"async\" class=\"aligncenter wp-image-6588 size-full\" src=\"https:\/\/www.francoisburgher.fr\/app\/uploads\/2020\/01\/Francois-Burgher-photos-photographies-images-pictures-2019-12-MUSEE-DU-LOUVRE-SOULAGE-ENFANT-JESUS-TABLEAUX-17.jpg\" alt=\"\" width=\"2000\" height=\"1500\" srcset=\"https:\/\/www.francoisburgher.fr\/app\/uploads\/2020\/01\/Francois-Burgher-photos-photographies-images-pictures-2019-12-MUSEE-DU-LOUVRE-SOULAGE-ENFANT-JESUS-TABLEAUX-17.jpg 2000w, https:\/\/www.francoisburgher.fr\/app\/uploads\/2020\/01\/Francois-Burgher-photos-photographies-images-pictures-2019-12-MUSEE-DU-LOUVRE-SOULAGE-ENFANT-JESUS-TABLEAUX-17-768x576.jpg 768w, https:\/\/www.francoisburgher.fr\/app\/uploads\/2020\/01\/Francois-Burgher-photos-photographies-images-pictures-2019-12-MUSEE-DU-LOUVRE-SOULAGE-ENFANT-JESUS-TABLEAUX-17-624x468.jpg 624w\" sizes=\"auto, (max-width: 2000px) 100vw, 2000px\" \/><\/a><\/p>\n<p>[\/vc_column_text][\/vc_column][\/vc_row][vc_row][vc_column width=\u00a0\u00bb1\/2&Prime;][vc_column_text]<a href=\"https:\/\/www.francoisburgher.fr\/app\/uploads\/2020\/01\/Francois-Burgher-photos-photographies-images-pictures-2019-12-MUSEE-DU-LOUVRE-SOULAGE-ENFANT-JESUS-TABLEAUX-59.jpg\"><img loading=\"lazy\" decoding=\"async\" class=\"aligncenter wp-image-6575 size-full\" src=\"https:\/\/www.francoisburgher.fr\/app\/uploads\/2020\/01\/Francois-Burgher-photos-photographies-images-pictures-2019-12-MUSEE-DU-LOUVRE-SOULAGE-ENFANT-JESUS-TABLEAUX-59.jpg\" alt=\"\" width=\"1500\" height=\"2000\" srcset=\"https:\/\/www.francoisburgher.fr\/app\/uploads\/2020\/01\/Francois-Burgher-photos-photographies-images-pictures-2019-12-MUSEE-DU-LOUVRE-SOULAGE-ENFANT-JESUS-TABLEAUX-59.jpg 1500w, https:\/\/www.francoisburgher.fr\/app\/uploads\/2020\/01\/Francois-Burgher-photos-photographies-images-pictures-2019-12-MUSEE-DU-LOUVRE-SOULAGE-ENFANT-JESUS-TABLEAUX-59-768x1024.jpg 768w, https:\/\/www.francoisburgher.fr\/app\/uploads\/2020\/01\/Francois-Burgher-photos-photographies-images-pictures-2019-12-MUSEE-DU-LOUVRE-SOULAGE-ENFANT-JESUS-TABLEAUX-59-624x832.jpg 624w\" sizes=\"auto, (max-width: 1500px) 100vw, 1500px\" \/><\/a>[\/vc_column_text][\/vc_column][vc_column width=\u00a0\u00bb1\/2&Prime;][vc_column_text]<\/p>\n<p style=\"text-align: center;\"><a href=\"https:\/\/www.francoisburgher.fr\/app\/uploads\/2020\/01\/Francois-Burgher-photos-photographies-images-pictures-2019-12-MUSEE-DU-LOUVRE-SOULAGE-ENFANT-JESUS-TABLEAUX-60.jpg\"><img loading=\"lazy\" decoding=\"async\" class=\"aligncenter wp-image-6577 size-full\" src=\"https:\/\/www.francoisburgher.fr\/app\/uploads\/2020\/01\/Francois-Burgher-photos-photographies-images-pictures-2019-12-MUSEE-DU-LOUVRE-SOULAGE-ENFANT-JESUS-TABLEAUX-60-e1579380280541.jpg\" alt=\"\" width=\"1500\" height=\"2000\" srcset=\"https:\/\/www.francoisburgher.fr\/app\/uploads\/2020\/01\/Francois-Burgher-photos-photographies-images-pictures-2019-12-MUSEE-DU-LOUVRE-SOULAGE-ENFANT-JESUS-TABLEAUX-60-e1579380280541.jpg 1500w, https:\/\/www.francoisburgher.fr\/app\/uploads\/2020\/01\/Francois-Burgher-photos-photographies-images-pictures-2019-12-MUSEE-DU-LOUVRE-SOULAGE-ENFANT-JESUS-TABLEAUX-60-e1579380280541-768x1024.jpg 768w, https:\/\/www.francoisburgher.fr\/app\/uploads\/2020\/01\/Francois-Burgher-photos-photographies-images-pictures-2019-12-MUSEE-DU-LOUVRE-SOULAGE-ENFANT-JESUS-TABLEAUX-60-e1579380280541-624x832.jpg 624w\" sizes=\"auto, (max-width: 1500px) 100vw, 1500px\" \/><\/a><\/p>\n<p>[\/vc_column_text][\/vc_column][\/vc_row][vc_row][vc_column][vc_column_text]<\/p>\n<p style=\"text-align: center;\"><a href=\"https:\/\/www.francoisburgher.fr\/app\/uploads\/2020\/01\/Francois-Burgher-photos-photographies-images-pictures-2019-12-MUSEE-DU-LOUVRE-SOULAGE-ENFANT-JESUS-TABLEAUX-41.jpg\"><strong>2009<\/strong><img loading=\"lazy\" decoding=\"async\" class=\"aligncenter wp-image-6563 size-full\" src=\"https:\/\/www.francoisburgher.fr\/app\/uploads\/2020\/01\/Francois-Burgher-photos-photographies-images-pictures-2019-12-MUSEE-DU-LOUVRE-SOULAGE-ENFANT-JESUS-TABLEAUX-41.jpg\" alt=\"\" width=\"1178\" height=\"2000\" srcset=\"https:\/\/www.francoisburgher.fr\/app\/uploads\/2020\/01\/Francois-Burgher-photos-photographies-images-pictures-2019-12-MUSEE-DU-LOUVRE-SOULAGE-ENFANT-JESUS-TABLEAUX-41.jpg 1178w, https:\/\/www.francoisburgher.fr\/app\/uploads\/2020\/01\/Francois-Burgher-photos-photographies-images-pictures-2019-12-MUSEE-DU-LOUVRE-SOULAGE-ENFANT-JESUS-TABLEAUX-41-768x1304.jpg 768w, https:\/\/www.francoisburgher.fr\/app\/uploads\/2020\/01\/Francois-Burgher-photos-photographies-images-pictures-2019-12-MUSEE-DU-LOUVRE-SOULAGE-ENFANT-JESUS-TABLEAUX-41-624x1059.jpg 624w\" sizes=\"auto, (max-width: 1178px) 100vw, 1178px\" \/><\/a><\/p>\n<p>[\/vc_column_text][\/vc_column][\/vc_row]<\/p>\n<\/div>","protected":false},"excerpt":{"rendered":"<p>[vc_row][vc_column][vc_column_text]Pour les 100 ans de Pierre Soulages, une exposition lui est consacr\u00e9e dans le Salon Carr\u00e9 du Mus\u00e9e du Louvre \u00e0 Paris.\u00a0 Elle pr\u00e9sente en quelques tableaux une r\u00e9trospective de 1919 \u00e0 nos jours.\u00a0 De la visite de cette salle unique, je vous propose justes quelques modestes \u00ab\u00a0\u00e9clats\u00a0\u00bb des oeuvres magistrales.[\/vc_column_text][\/vc_column][\/vc_row][vc_row][vc_column][vc_column_text] 1953 [\/vc_column_text][\/vc_column][\/vc_row][vc_row][vc_column][vc_column_text] &nbsp; &nbsp; [&hellip;]<\/p>\n","protected":false},"author":2,"featured_media":6597,"comment_status":"open","ping_status":"open","sticky":false,"template":"","format":"standard","meta":{"_acf_changed":false,"footnotes":""},"categories":[1],"tags":[],"class_list":["post-6585","post","type-post","status-publish","format-standard","has-post-thumbnail","hentry","category-non-classifiee"],"acf":[],"yoast_head":"<!-- This site is optimized with the Yoast SEO plugin v27.3 - https:\/\/yoast.com\/product\/yoast-seo-wordpress\/ -->\n<title>Pierre Soulages au mus\u00e9e du Louvre de Paris - Fran\u00e7ois Burgher<\/title>\n<meta name=\"robots\" content=\"index, follow, max-snippet:-1, max-image-preview:large, max-video-preview:-1\" \/>\n<link rel=\"canonical\" href=\"https:\/\/www.francoisburgher.fr\/fr\/pierre-soulage-au-musee-du-louvre-de-paris\/\" \/>\n<meta property=\"og:locale\" content=\"fr_FR\" \/>\n<meta property=\"og:type\" content=\"article\" \/>\n<meta property=\"og:title\" content=\"Pierre Soulages au mus\u00e9e du Louvre de Paris - Fran\u00e7ois Burgher\" \/>\n<meta property=\"og:description\" content=\"[vc_row][vc_column][vc_column_text]Pour les 100 ans de Pierre Soulages, une exposition lui est consacr\u00e9e dans le Salon Carr\u00e9 du Mus\u00e9e du Louvre \u00e0 Paris.\u00a0 Elle pr\u00e9sente en quelques tableaux une r\u00e9trospective de 1919 \u00e0 nos jours.\u00a0 De la visite de cette salle unique, je vous propose justes quelques modestes \u00ab\u00a0\u00e9clats\u00a0\u00bb des oeuvres magistrales.[\/vc_column_text][\/vc_column][\/vc_row][vc_row][vc_column][vc_column_text] 1953 [\/vc_column_text][\/vc_column][\/vc_row][vc_row][vc_column][vc_column_text] &nbsp; &nbsp; [&hellip;]\" \/>\n<meta property=\"og:url\" content=\"https:\/\/www.francoisburgher.fr\/fr\/pierre-soulage-au-musee-du-louvre-de-paris\/\" \/>\n<meta property=\"og:site_name\" content=\"Fran\u00e7ois Burgher\" \/>\n<meta property=\"article:published_time\" content=\"2020-01-18T20:36:13+00:00\" \/>\n<meta property=\"article:modified_time\" content=\"2020-01-28T22:05:25+00:00\" \/>\n<meta property=\"og:image\" content=\"https:\/\/www.francoisburgher.fr\/app\/uploads\/2020\/01\/Titre-Pierre-Soulage-Louvre-e1579381477941.jpg\" \/>\n\t<meta property=\"og:image:width\" content=\"334\" \/>\n\t<meta property=\"og:image:height\" content=\"244\" \/>\n\t<meta property=\"og:image:type\" content=\"image\/jpeg\" \/>\n<meta name=\"author\" content=\"Fran\u00e7ois Burgher\" \/>\n<meta name=\"twitter:card\" content=\"summary_large_image\" \/>\n<meta name=\"twitter:label1\" content=\"Written by\" \/>\n\t<meta name=\"twitter:data1\" content=\"Fran\u00e7ois Burgher\" \/>\n\t<meta name=\"twitter:label2\" content=\"Est. reading time\" \/>\n\t<meta name=\"twitter:data2\" content=\"2 minutes\" \/>\n<script type=\"application\/ld+json\" class=\"yoast-schema-graph\">{\"@context\":\"https:\\\/\\\/schema.org\",\"@graph\":[{\"@type\":\"Article\",\"@id\":\"https:\\\/\\\/www.francoisburgher.fr\\\/fr\\\/pierre-soulage-au-musee-du-louvre-de-paris\\\/#article\",\"isPartOf\":{\"@id\":\"https:\\\/\\\/www.francoisburgher.fr\\\/fr\\\/pierre-soulage-au-musee-du-louvre-de-paris\\\/\"},\"author\":{\"name\":\"Fran\u00e7ois Burgher\",\"@id\":\"https:\\\/\\\/www.francoisburgher.fr\\\/fr\\\/#\\\/schema\\\/person\\\/5df89688ef756ef4adad8dfa739d18a1\"},\"headline\":\"Pierre Soulages au mus\u00e9e du Louvre de Paris\",\"datePublished\":\"2020-01-18T20:36:13+00:00\",\"dateModified\":\"2020-01-28T22:05:25+00:00\",\"mainEntityOfPage\":{\"@id\":\"https:\\\/\\\/www.francoisburgher.fr\\\/fr\\\/pierre-soulage-au-musee-du-louvre-de-paris\\\/\"},\"wordCount\":365,\"commentCount\":0,\"image\":{\"@id\":\"https:\\\/\\\/www.francoisburgher.fr\\\/fr\\\/pierre-soulage-au-musee-du-louvre-de-paris\\\/#primaryimage\"},\"thumbnailUrl\":\"https:\\\/\\\/www.francoisburgher.fr\\\/app\\\/uploads\\\/2020\\\/01\\\/Titre-Pierre-Soulage-Louvre-e1579381477941.jpg\",\"articleSection\":[\"Non classifi\u00e9(e)\"],\"inLanguage\":\"fr-FR\",\"potentialAction\":[{\"@type\":\"CommentAction\",\"name\":\"Comment\",\"target\":[\"https:\\\/\\\/www.francoisburgher.fr\\\/fr\\\/pierre-soulage-au-musee-du-louvre-de-paris\\\/#respond\"]}]},{\"@type\":\"WebPage\",\"@id\":\"https:\\\/\\\/www.francoisburgher.fr\\\/fr\\\/pierre-soulage-au-musee-du-louvre-de-paris\\\/\",\"url\":\"https:\\\/\\\/www.francoisburgher.fr\\\/fr\\\/pierre-soulage-au-musee-du-louvre-de-paris\\\/\",\"name\":\"Pierre Soulages au mus\u00e9e du Louvre de Paris - Fran\u00e7ois Burgher\",\"isPartOf\":{\"@id\":\"https:\\\/\\\/www.francoisburgher.fr\\\/fr\\\/#website\"},\"primaryImageOfPage\":{\"@id\":\"https:\\\/\\\/www.francoisburgher.fr\\\/fr\\\/pierre-soulage-au-musee-du-louvre-de-paris\\\/#primaryimage\"},\"image\":{\"@id\":\"https:\\\/\\\/www.francoisburgher.fr\\\/fr\\\/pierre-soulage-au-musee-du-louvre-de-paris\\\/#primaryimage\"},\"thumbnailUrl\":\"https:\\\/\\\/www.francoisburgher.fr\\\/app\\\/uploads\\\/2020\\\/01\\\/Titre-Pierre-Soulage-Louvre-e1579381477941.jpg\",\"datePublished\":\"2020-01-18T20:36:13+00:00\",\"dateModified\":\"2020-01-28T22:05:25+00:00\",\"author\":{\"@id\":\"https:\\\/\\\/www.francoisburgher.fr\\\/fr\\\/#\\\/schema\\\/person\\\/5df89688ef756ef4adad8dfa739d18a1\"},\"breadcrumb\":{\"@id\":\"https:\\\/\\\/www.francoisburgher.fr\\\/fr\\\/pierre-soulage-au-musee-du-louvre-de-paris\\\/#breadcrumb\"},\"inLanguage\":\"fr-FR\",\"potentialAction\":[{\"@type\":\"ReadAction\",\"target\":[\"https:\\\/\\\/www.francoisburgher.fr\\\/fr\\\/pierre-soulage-au-musee-du-louvre-de-paris\\\/\"]}]},{\"@type\":\"ImageObject\",\"inLanguage\":\"fr-FR\",\"@id\":\"https:\\\/\\\/www.francoisburgher.fr\\\/fr\\\/pierre-soulage-au-musee-du-louvre-de-paris\\\/#primaryimage\",\"url\":\"https:\\\/\\\/www.francoisburgher.fr\\\/app\\\/uploads\\\/2020\\\/01\\\/Titre-Pierre-Soulage-Louvre-e1579381477941.jpg\",\"contentUrl\":\"https:\\\/\\\/www.francoisburgher.fr\\\/app\\\/uploads\\\/2020\\\/01\\\/Titre-Pierre-Soulage-Louvre-e1579381477941.jpg\",\"width\":334,\"height\":244},{\"@type\":\"BreadcrumbList\",\"@id\":\"https:\\\/\\\/www.francoisburgher.fr\\\/fr\\\/pierre-soulage-au-musee-du-louvre-de-paris\\\/#breadcrumb\",\"itemListElement\":[{\"@type\":\"ListItem\",\"position\":1,\"name\":\"Home\",\"item\":\"https:\\\/\\\/www.francoisburgher.fr\\\/fr\\\/\"},{\"@type\":\"ListItem\",\"position\":2,\"name\":\"Pierre Soulages au mus\u00e9e du Louvre de Paris\"}]},{\"@type\":\"WebSite\",\"@id\":\"https:\\\/\\\/www.francoisburgher.fr\\\/fr\\\/#website\",\"url\":\"https:\\\/\\\/www.francoisburgher.fr\\\/fr\\\/\",\"name\":\"Fran\u00e7ois Burgher\",\"description\":\"Un site utilisant WordPress\",\"potentialAction\":[{\"@type\":\"SearchAction\",\"target\":{\"@type\":\"EntryPoint\",\"urlTemplate\":\"https:\\\/\\\/www.francoisburgher.fr\\\/fr\\\/?s={search_term_string}\"},\"query-input\":{\"@type\":\"PropertyValueSpecification\",\"valueRequired\":true,\"valueName\":\"search_term_string\"}}],\"inLanguage\":\"fr-FR\"},{\"@type\":\"Person\",\"@id\":\"https:\\\/\\\/www.francoisburgher.fr\\\/fr\\\/#\\\/schema\\\/person\\\/5df89688ef756ef4adad8dfa739d18a1\",\"name\":\"Fran\u00e7ois Burgher\",\"image\":{\"@type\":\"ImageObject\",\"inLanguage\":\"fr-FR\",\"@id\":\"https:\\\/\\\/secure.gravatar.com\\\/avatar\\\/57f3b3fa295ca58495dea842025ad1c3a87035605115e3c619c5ed9a35145a24?s=96&d=mm&r=g\",\"url\":\"https:\\\/\\\/secure.gravatar.com\\\/avatar\\\/57f3b3fa295ca58495dea842025ad1c3a87035605115e3c619c5ed9a35145a24?s=96&d=mm&r=g\",\"contentUrl\":\"https:\\\/\\\/secure.gravatar.com\\\/avatar\\\/57f3b3fa295ca58495dea842025ad1c3a87035605115e3c619c5ed9a35145a24?s=96&d=mm&r=g\",\"caption\":\"Fran\u00e7ois Burgher\"}}]}<\/script>\n<!-- \/ Yoast SEO plugin. -->","yoast_head_json":{"title":"Pierre Soulages au mus\u00e9e du Louvre de Paris - Fran\u00e7ois Burgher","robots":{"index":"index","follow":"follow","max-snippet":"max-snippet:-1","max-image-preview":"max-image-preview:large","max-video-preview":"max-video-preview:-1"},"canonical":"https:\/\/www.francoisburgher.fr\/fr\/pierre-soulage-au-musee-du-louvre-de-paris\/","og_locale":"fr_FR","og_type":"article","og_title":"Pierre Soulages au mus\u00e9e du Louvre de Paris - Fran\u00e7ois Burgher","og_description":"[vc_row][vc_column][vc_column_text]Pour les 100 ans de Pierre Soulages, une exposition lui est consacr\u00e9e dans le Salon Carr\u00e9 du Mus\u00e9e du Louvre \u00e0 Paris.\u00a0 Elle pr\u00e9sente en quelques tableaux une r\u00e9trospective de 1919 \u00e0 nos jours.\u00a0 De la visite de cette salle unique, je vous propose justes quelques modestes \u00ab\u00a0\u00e9clats\u00a0\u00bb des oeuvres magistrales.[\/vc_column_text][\/vc_column][\/vc_row][vc_row][vc_column][vc_column_text] 1953 [\/vc_column_text][\/vc_column][\/vc_row][vc_row][vc_column][vc_column_text] &nbsp; &nbsp; [&hellip;]","og_url":"https:\/\/www.francoisburgher.fr\/fr\/pierre-soulage-au-musee-du-louvre-de-paris\/","og_site_name":"Fran\u00e7ois Burgher","article_published_time":"2020-01-18T20:36:13+00:00","article_modified_time":"2020-01-28T22:05:25+00:00","og_image":[{"width":334,"height":244,"url":"https:\/\/www.francoisburgher.fr\/app\/uploads\/2020\/01\/Titre-Pierre-Soulage-Louvre-e1579381477941.jpg","type":"image\/jpeg"}],"author":"Fran\u00e7ois Burgher","twitter_card":"summary_large_image","twitter_misc":{"Written by":"Fran\u00e7ois Burgher","Est. reading time":"2 minutes"},"schema":{"@context":"https:\/\/schema.org","@graph":[{"@type":"Article","@id":"https:\/\/www.francoisburgher.fr\/fr\/pierre-soulage-au-musee-du-louvre-de-paris\/#article","isPartOf":{"@id":"https:\/\/www.francoisburgher.fr\/fr\/pierre-soulage-au-musee-du-louvre-de-paris\/"},"author":{"name":"Fran\u00e7ois Burgher","@id":"https:\/\/www.francoisburgher.fr\/fr\/#\/schema\/person\/5df89688ef756ef4adad8dfa739d18a1"},"headline":"Pierre Soulages au mus\u00e9e du Louvre de Paris","datePublished":"2020-01-18T20:36:13+00:00","dateModified":"2020-01-28T22:05:25+00:00","mainEntityOfPage":{"@id":"https:\/\/www.francoisburgher.fr\/fr\/pierre-soulage-au-musee-du-louvre-de-paris\/"},"wordCount":365,"commentCount":0,"image":{"@id":"https:\/\/www.francoisburgher.fr\/fr\/pierre-soulage-au-musee-du-louvre-de-paris\/#primaryimage"},"thumbnailUrl":"https:\/\/www.francoisburgher.fr\/app\/uploads\/2020\/01\/Titre-Pierre-Soulage-Louvre-e1579381477941.jpg","articleSection":["Non classifi\u00e9(e)"],"inLanguage":"fr-FR","potentialAction":[{"@type":"CommentAction","name":"Comment","target":["https:\/\/www.francoisburgher.fr\/fr\/pierre-soulage-au-musee-du-louvre-de-paris\/#respond"]}]},{"@type":"WebPage","@id":"https:\/\/www.francoisburgher.fr\/fr\/pierre-soulage-au-musee-du-louvre-de-paris\/","url":"https:\/\/www.francoisburgher.fr\/fr\/pierre-soulage-au-musee-du-louvre-de-paris\/","name":"Pierre Soulages au mus\u00e9e du Louvre de Paris - Fran\u00e7ois Burgher","isPartOf":{"@id":"https:\/\/www.francoisburgher.fr\/fr\/#website"},"primaryImageOfPage":{"@id":"https:\/\/www.francoisburgher.fr\/fr\/pierre-soulage-au-musee-du-louvre-de-paris\/#primaryimage"},"image":{"@id":"https:\/\/www.francoisburgher.fr\/fr\/pierre-soulage-au-musee-du-louvre-de-paris\/#primaryimage"},"thumbnailUrl":"https:\/\/www.francoisburgher.fr\/app\/uploads\/2020\/01\/Titre-Pierre-Soulage-Louvre-e1579381477941.jpg","datePublished":"2020-01-18T20:36:13+00:00","dateModified":"2020-01-28T22:05:25+00:00","author":{"@id":"https:\/\/www.francoisburgher.fr\/fr\/#\/schema\/person\/5df89688ef756ef4adad8dfa739d18a1"},"breadcrumb":{"@id":"https:\/\/www.francoisburgher.fr\/fr\/pierre-soulage-au-musee-du-louvre-de-paris\/#breadcrumb"},"inLanguage":"fr-FR","potentialAction":[{"@type":"ReadAction","target":["https:\/\/www.francoisburgher.fr\/fr\/pierre-soulage-au-musee-du-louvre-de-paris\/"]}]},{"@type":"ImageObject","inLanguage":"fr-FR","@id":"https:\/\/www.francoisburgher.fr\/fr\/pierre-soulage-au-musee-du-louvre-de-paris\/#primaryimage","url":"https:\/\/www.francoisburgher.fr\/app\/uploads\/2020\/01\/Titre-Pierre-Soulage-Louvre-e1579381477941.jpg","contentUrl":"https:\/\/www.francoisburgher.fr\/app\/uploads\/2020\/01\/Titre-Pierre-Soulage-Louvre-e1579381477941.jpg","width":334,"height":244},{"@type":"BreadcrumbList","@id":"https:\/\/www.francoisburgher.fr\/fr\/pierre-soulage-au-musee-du-louvre-de-paris\/#breadcrumb","itemListElement":[{"@type":"ListItem","position":1,"name":"Home","item":"https:\/\/www.francoisburgher.fr\/fr\/"},{"@type":"ListItem","position":2,"name":"Pierre Soulages au mus\u00e9e du Louvre de Paris"}]},{"@type":"WebSite","@id":"https:\/\/www.francoisburgher.fr\/fr\/#website","url":"https:\/\/www.francoisburgher.fr\/fr\/","name":"Fran\u00e7ois Burgher","description":"Un site utilisant WordPress","potentialAction":[{"@type":"SearchAction","target":{"@type":"EntryPoint","urlTemplate":"https:\/\/www.francoisburgher.fr\/fr\/?s={search_term_string}"},"query-input":{"@type":"PropertyValueSpecification","valueRequired":true,"valueName":"search_term_string"}}],"inLanguage":"fr-FR"},{"@type":"Person","@id":"https:\/\/www.francoisburgher.fr\/fr\/#\/schema\/person\/5df89688ef756ef4adad8dfa739d18a1","name":"Fran\u00e7ois Burgher","image":{"@type":"ImageObject","inLanguage":"fr-FR","@id":"https:\/\/secure.gravatar.com\/avatar\/57f3b3fa295ca58495dea842025ad1c3a87035605115e3c619c5ed9a35145a24?s=96&d=mm&r=g","url":"https:\/\/secure.gravatar.com\/avatar\/57f3b3fa295ca58495dea842025ad1c3a87035605115e3c619c5ed9a35145a24?s=96&d=mm&r=g","contentUrl":"https:\/\/secure.gravatar.com\/avatar\/57f3b3fa295ca58495dea842025ad1c3a87035605115e3c619c5ed9a35145a24?s=96&d=mm&r=g","caption":"Fran\u00e7ois Burgher"}}]}},"_links":{"self":[{"href":"https:\/\/www.francoisburgher.fr\/fr\/wp-json\/wp\/v2\/posts\/6585","targetHints":{"allow":["GET"]}}],"collection":[{"href":"https:\/\/www.francoisburgher.fr\/fr\/wp-json\/wp\/v2\/posts"}],"about":[{"href":"https:\/\/www.francoisburgher.fr\/fr\/wp-json\/wp\/v2\/types\/post"}],"author":[{"embeddable":true,"href":"https:\/\/www.francoisburgher.fr\/fr\/wp-json\/wp\/v2\/users\/2"}],"replies":[{"embeddable":true,"href":"https:\/\/www.francoisburgher.fr\/fr\/wp-json\/wp\/v2\/comments?post=6585"}],"version-history":[{"count":6,"href":"https:\/\/www.francoisburgher.fr\/fr\/wp-json\/wp\/v2\/posts\/6585\/revisions"}],"predecessor-version":[{"id":6668,"href":"https:\/\/www.francoisburgher.fr\/fr\/wp-json\/wp\/v2\/posts\/6585\/revisions\/6668"}],"wp:featuredmedia":[{"embeddable":true,"href":"https:\/\/www.francoisburgher.fr\/fr\/wp-json\/wp\/v2\/media\/6597"}],"wp:attachment":[{"href":"https:\/\/www.francoisburgher.fr\/fr\/wp-json\/wp\/v2\/media?parent=6585"}],"wp:term":[{"taxonomy":"category","embeddable":true,"href":"https:\/\/www.francoisburgher.fr\/fr\/wp-json\/wp\/v2\/categories?post=6585"},{"taxonomy":"post_tag","embeddable":true,"href":"https:\/\/www.francoisburgher.fr\/fr\/wp-json\/wp\/v2\/tags?post=6585"}],"curies":[{"name":"wp","href":"https:\/\/api.w.org\/{rel}","templated":true}]}}