{"id":5941,"date":"2019-12-30T21:53:25","date_gmt":"2019-12-30T20:53:25","guid":{"rendered":"https:\/\/www.francoisburgher.fr\/la-photo-du-jour-lpdj-malaisie-novembre-2019\/"},"modified":"2020-01-18T11:48:37","modified_gmt":"2020-01-18T10:48:37","slug":"la-photo-du-jour-lpdj-malaisie-novembre-2019","status":"publish","type":"post","link":"https:\/\/www.francoisburgher.fr\/en\/la-photo-du-jour-lpdj-malaisie-novembre-2019\/","title":{"rendered":"AIIR FRANCE 2019\/12"},"content":{"rendered":"<div class=\"wpb-content-wrapper\"><p>[vc_row][vc_column][vc_column_text]<\/p>\n<h1 style=\"text-align: center;\"><strong><a href=\"https:\/\/www.francoisburgher.fr\/app\/uploads\/2019\/12\/Francois-Burgher-photos-photographies-images-pictures-2019-12-AIR-FRANCE-LA-PREMIERE-In-First-class-34.jpg\"><img loading=\"lazy\" decoding=\"async\" class=\"aligncenter wp-image-5932 size-full\" src=\"https:\/\/www.francoisburgher.fr\/app\/uploads\/2019\/12\/Francois-Burgher-photos-photographies-images-pictures-2019-12-AIR-FRANCE-LA-PREMIERE-In-First-class-34.jpg\" alt=\"\" width=\"2000\" height=\"299\" srcset=\"https:\/\/www.francoisburgher.fr\/app\/uploads\/2019\/12\/Francois-Burgher-photos-photographies-images-pictures-2019-12-AIR-FRANCE-LA-PREMIERE-In-First-class-34.jpg 2000w, https:\/\/www.francoisburgher.fr\/app\/uploads\/2019\/12\/Francois-Burgher-photos-photographies-images-pictures-2019-12-AIR-FRANCE-LA-PREMIERE-In-First-class-34-768x115.jpg 768w, https:\/\/www.francoisburgher.fr\/app\/uploads\/2019\/12\/Francois-Burgher-photos-photographies-images-pictures-2019-12-AIR-FRANCE-LA-PREMIERE-In-First-class-34-624x93.jpg 624w\" sizes=\"auto, (max-width: 2000px) 100vw, 2000px\" \/><\/a><\/strong><\/h1>\n<h1><\/h1>\n<p>&nbsp;<\/p>\n<h1 style=\"text-align: center;\"><strong>AIR France\u00a0\u00ab\u00a0La Premi\u00e8re\u00a0\u00bb<\/strong><\/h1>\n<h2 style=\"text-align: center;\">A truly exceptional experience<\/h2>\n<p>&nbsp;<\/p>\n<p>&nbsp;<\/p>\n<p><a href=\"https:\/\/www.francoisburgher.fr\/app\/uploads\/2019\/12\/Francois-Burgher-photos-photographies-images-pictures-2019-12-AIR-FRANCE-LA-PREMIERE-In-First-class-35.jpg\"><img loading=\"lazy\" decoding=\"async\" class=\"aligncenter wp-image-5934 size-full\" src=\"https:\/\/www.francoisburgher.fr\/app\/uploads\/2019\/12\/Francois-Burgher-photos-photographies-images-pictures-2019-12-AIR-FRANCE-LA-PREMIERE-In-First-class-35.jpg\" alt=\"\" width=\"2000\" height=\"914\" srcset=\"https:\/\/www.francoisburgher.fr\/app\/uploads\/2019\/12\/Francois-Burgher-photos-photographies-images-pictures-2019-12-AIR-FRANCE-LA-PREMIERE-In-First-class-35.jpg 2000w, https:\/\/www.francoisburgher.fr\/app\/uploads\/2019\/12\/Francois-Burgher-photos-photographies-images-pictures-2019-12-AIR-FRANCE-LA-PREMIERE-In-First-class-35-768x351.jpg 768w, https:\/\/www.francoisburgher.fr\/app\/uploads\/2019\/12\/Francois-Burgher-photos-photographies-images-pictures-2019-12-AIR-FRANCE-LA-PREMIERE-In-First-class-35-624x285.jpg 624w\" sizes=\"auto, (max-width: 2000px) 100vw, 2000px\" \/><\/a><\/p>\n<p>An opportunity to upgrade to the check-in counter for this professional trip to Sao Paulo, Brazil, and we pass, like &#8220;Alice in Wonderland&#8221;, on the other side of the mirror, in another dimension, a parallel universe, isolated from other travelers, in a private cabin space at the front of the 777. Just for my colleague and me this time, 4 seats for the two of us.<\/p>\n<h1 style=\"text-align: center;\"><strong>A space in space<\/strong><\/h1>\n<p>An exclusively dedicated staff, specifically trained, with the best caring, extreme softness and refinement.[\/vc_column_text][\/vc_column][\/vc_row][vc_row][vc_column][vc_column_text]<\/p>\n<p style=\"text-align: left;\">First, a dedicated check-in hall in a large space opening onto the hall of terminal 2 of CDG airport<\/p>\n<p><a href=\"https:\/\/www.francoisburgher.fr\/app\/uploads\/2019\/12\/Francois-Burgher-photos-photographies-images-pictures-2019-12-AIR-FRANCE-LA-PREMIERE-First-class-1.jpg\"><img loading=\"lazy\" decoding=\"async\" class=\"aligncenter wp-image-5871 size-full\" src=\"https:\/\/www.francoisburgher.fr\/app\/uploads\/2019\/12\/Francois-Burgher-photos-photographies-images-pictures-2019-12-AIR-FRANCE-LA-PREMIERE-First-class-1.jpg\" alt=\"\" width=\"2000\" height=\"1500\" srcset=\"https:\/\/www.francoisburgher.fr\/app\/uploads\/2019\/12\/Francois-Burgher-photos-photographies-images-pictures-2019-12-AIR-FRANCE-LA-PREMIERE-First-class-1.jpg 2000w, https:\/\/www.francoisburgher.fr\/app\/uploads\/2019\/12\/Francois-Burgher-photos-photographies-images-pictures-2019-12-AIR-FRANCE-LA-PREMIERE-First-class-1-768x576.jpg 768w, https:\/\/www.francoisburgher.fr\/app\/uploads\/2019\/12\/Francois-Burgher-photos-photographies-images-pictures-2019-12-AIR-FRANCE-LA-PREMIERE-First-class-1-624x468.jpg 624w\" sizes=\"auto, (max-width: 2000px) 100vw, 2000px\" \/><\/a>[\/vc_column_text][\/vc_column][\/vc_row][vc_row][vc_column][vc_column_text]High-priority customs formalities and access to a lounge on the ground for an &#8220;\u00e0 la carte&#8221; breakfast in a large, cozy space &#8230; All \u00a0immediately cooked on site, on demand and served at table in the dining room &#8230;<\/p>\n<p>Tempting windows, cozy rest areas, huge toilets, showers, Christmas decoration, a designer bar\u2026<\/p>\n<p>&nbsp;<\/p>\n<p><a href=\"https:\/\/www.francoisburgher.fr\/app\/uploads\/2019\/12\/Francois-Burgher-photos-photographies-images-pictures-AIR-FRANCE-LA-PREMIERE-2019-12-FISRT-CLASS-4-2-1.jpg\"><img loading=\"lazy\" decoding=\"async\" class=\"aligncenter wp-image-5892 size-full\" src=\"https:\/\/www.francoisburgher.fr\/app\/uploads\/2019\/12\/Francois-Burgher-photos-photographies-images-pictures-AIR-FRANCE-LA-PREMIERE-2019-12-FISRT-CLASS-4-2-1-e1577790973474.jpg\" alt=\"\" width=\"2000\" height=\"595\" srcset=\"https:\/\/www.francoisburgher.fr\/app\/uploads\/2019\/12\/Francois-Burgher-photos-photographies-images-pictures-AIR-FRANCE-LA-PREMIERE-2019-12-FISRT-CLASS-4-2-1-e1577790973474.jpg 2000w, https:\/\/www.francoisburgher.fr\/app\/uploads\/2019\/12\/Francois-Burgher-photos-photographies-images-pictures-AIR-FRANCE-LA-PREMIERE-2019-12-FISRT-CLASS-4-2-1-e1577790973474-768x228.jpg 768w, https:\/\/www.francoisburgher.fr\/app\/uploads\/2019\/12\/Francois-Burgher-photos-photographies-images-pictures-AIR-FRANCE-LA-PREMIERE-2019-12-FISRT-CLASS-4-2-1-e1577790973474-624x186.jpg 624w\" sizes=\"auto, (max-width: 2000px) 100vw, 2000px\" \/><\/a>[\/vc_column_text][vc_column_text][\/vc_column_text][vc_column_text][\/vc_column_text][\/vc_column][\/vc_row][vc_row][vc_column width=&#8221;1\/2&#8243;][vc_column_text]<\/p>\n<p><a href=\"https:\/\/www.francoisburgher.fr\/app\/uploads\/2019\/12\/Francois-Burgher-photos-photographies-images-pictures-2019-12-AIR-FRANCE-LA-PREMIERE-First-class-2.jpg\"><img loading=\"lazy\" decoding=\"async\" class=\"aligncenter wp-image-5873 size-full\" src=\"https:\/\/www.francoisburgher.fr\/app\/uploads\/2019\/12\/Francois-Burgher-photos-photographies-images-pictures-2019-12-AIR-FRANCE-LA-PREMIERE-First-class-2.jpg\" alt=\"\" width=\"2000\" height=\"1500\" srcset=\"https:\/\/www.francoisburgher.fr\/app\/uploads\/2019\/12\/Francois-Burgher-photos-photographies-images-pictures-2019-12-AIR-FRANCE-LA-PREMIERE-First-class-2.jpg 2000w, https:\/\/www.francoisburgher.fr\/app\/uploads\/2019\/12\/Francois-Burgher-photos-photographies-images-pictures-2019-12-AIR-FRANCE-LA-PREMIERE-First-class-2-768x576.jpg 768w, https:\/\/www.francoisburgher.fr\/app\/uploads\/2019\/12\/Francois-Burgher-photos-photographies-images-pictures-2019-12-AIR-FRANCE-LA-PREMIERE-First-class-2-624x468.jpg 624w\" sizes=\"auto, (max-width: 2000px) 100vw, 2000px\" \/><\/a>[\/vc_column_text][\/vc_column][vc_column width=&#8221;1\/2&#8243;][vc_column_text]<\/p>\n<p><a href=\"https:\/\/www.francoisburgher.fr\/app\/uploads\/2019\/12\/Francois-Burgher-photos-photographies-images-pictures-2019-12-AIR-FRANCE-LA-PREMIERE-First-class-3.jpg\"><img loading=\"lazy\" decoding=\"async\" class=\"alignnone wp-image-5875 size-full\" src=\"https:\/\/www.francoisburgher.fr\/app\/uploads\/2019\/12\/Francois-Burgher-photos-photographies-images-pictures-2019-12-AIR-FRANCE-LA-PREMIERE-First-class-3.jpg\" alt=\"\" width=\"2000\" height=\"1158\" srcset=\"https:\/\/www.francoisburgher.fr\/app\/uploads\/2019\/12\/Francois-Burgher-photos-photographies-images-pictures-2019-12-AIR-FRANCE-LA-PREMIERE-First-class-3.jpg 2000w, https:\/\/www.francoisburgher.fr\/app\/uploads\/2019\/12\/Francois-Burgher-photos-photographies-images-pictures-2019-12-AIR-FRANCE-LA-PREMIERE-First-class-3-768x445.jpg 768w, https:\/\/www.francoisburgher.fr\/app\/uploads\/2019\/12\/Francois-Burgher-photos-photographies-images-pictures-2019-12-AIR-FRANCE-LA-PREMIERE-First-class-3-624x361.jpg 624w\" sizes=\"auto, (max-width: 2000px) 100vw, 2000px\" \/><\/a>[\/vc_column_text][\/vc_column][\/vc_row][vc_row][vc_column][vc_column_text]<a href=\"https:\/\/www.francoisburgher.fr\/app\/uploads\/2019\/12\/Francois-Burgher-photos-photographies-images-pictures-2019-12-AIR-FRANCE-LA-PREMIERE-First-class-4.jpg\"><img loading=\"lazy\" decoding=\"async\" class=\"wp-image-5877 size-full\" src=\"https:\/\/www.francoisburgher.fr\/app\/uploads\/2019\/12\/Francois-Burgher-photos-photographies-images-pictures-2019-12-AIR-FRANCE-LA-PREMIERE-First-class-4.jpg\" alt=\"\" width=\"2000\" height=\"1223\" srcset=\"https:\/\/www.francoisburgher.fr\/app\/uploads\/2019\/12\/Francois-Burgher-photos-photographies-images-pictures-2019-12-AIR-FRANCE-LA-PREMIERE-First-class-4.jpg 2000w, https:\/\/www.francoisburgher.fr\/app\/uploads\/2019\/12\/Francois-Burgher-photos-photographies-images-pictures-2019-12-AIR-FRANCE-LA-PREMIERE-First-class-4-768x470.jpg 768w, https:\/\/www.francoisburgher.fr\/app\/uploads\/2019\/12\/Francois-Burgher-photos-photographies-images-pictures-2019-12-AIR-FRANCE-LA-PREMIERE-First-class-4-624x382.jpg 624w\" sizes=\"auto, (max-width: 2000px) 100vw, 2000px\" \/><\/a>[\/vc_column_text][vc_column_text]<a href=\"https:\/\/www.francoisburgher.fr\/app\/uploads\/2019\/12\/Francois-Burgher-photos-photographies-images-pictures-2019-12-AIR-FRANCE-LA-PREMIERE-First-class-29.jpg\"><img loading=\"lazy\" decoding=\"async\" class=\"aligncenter wp-image-5906 size-full\" src=\"https:\/\/www.francoisburgher.fr\/app\/uploads\/2019\/12\/Francois-Burgher-photos-photographies-images-pictures-2019-12-AIR-FRANCE-LA-PREMIERE-First-class-29.jpg\" alt=\"\" width=\"2000\" height=\"1469\" srcset=\"https:\/\/www.francoisburgher.fr\/app\/uploads\/2019\/12\/Francois-Burgher-photos-photographies-images-pictures-2019-12-AIR-FRANCE-LA-PREMIERE-First-class-29.jpg 2000w, https:\/\/www.francoisburgher.fr\/app\/uploads\/2019\/12\/Francois-Burgher-photos-photographies-images-pictures-2019-12-AIR-FRANCE-LA-PREMIERE-First-class-29-768x564.jpg 768w, https:\/\/www.francoisburgher.fr\/app\/uploads\/2019\/12\/Francois-Burgher-photos-photographies-images-pictures-2019-12-AIR-FRANCE-LA-PREMIERE-First-class-29-624x458.jpg 624w\" sizes=\"auto, (max-width: 2000px) 100vw, 2000px\" \/><\/a>[\/vc_column_text][\/vc_column][\/vc_row][vc_row][vc_column width=&#8221;1\/3&#8243;][vc_column_text]<img loading=\"lazy\" decoding=\"async\" class=\"alignnone size-medium wp-image-5879\" src=\"https:\/\/www.francoisburgher.fr\/app\/uploads\/2019\/12\/Francois-Burgher-photos-photographies-images-pictures-2019-12-AIR-FRANCE-LA-PREMIERE-First-class-5-670x500.jpg\" alt=\"\" width=\"670\" height=\"500\" \/>[\/vc_column_text][\/vc_column][vc_column width=&#8221;1\/3&#8243;][vc_column_text]<img loading=\"lazy\" decoding=\"async\" class=\"alignnone size-medium wp-image-5805\" src=\"https:\/\/www.francoisburgher.fr\/app\/uploads\/2019\/12\/Francois-Burgher-photos-photographies-images-pictures-AIR-FRANCE-LA-PREMIERE-2019-12-FISRT-CLASS-41-670x500.jpg\" alt=\"\" width=\"670\" height=\"500\" \/>[\/vc_column_text][\/vc_column][vc_column width=&#8221;1\/3&#8243;][vc_column_text]<img loading=\"lazy\" decoding=\"async\" class=\"alignnone size-medium wp-image-5803\" src=\"https:\/\/www.francoisburgher.fr\/app\/uploads\/2019\/12\/Francois-Burgher-photos-photographies-images-pictures-AIR-FRANCE-LA-PREMIERE-2019-12-FISRT-CLASS-35-670x500.jpg\" alt=\"\" width=\"670\" height=\"500\" \/>[\/vc_column_text][\/vc_column][\/vc_row][vc_row][vc_column width=&#8221;1\/2&#8243;][vc_column_text]<a href=\"https:\/\/www.francoisburgher.fr\/app\/uploads\/2019\/12\/Francois-Burgher-photos-photographies-images-pictures-AIR-FRANCE-LA-PREMIERE-2019-12-FISRT-CLASS-48.jpg\"><img loading=\"lazy\" decoding=\"async\" class=\"aligncenter wp-image-5811 size-full\" src=\"https:\/\/www.francoisburgher.fr\/app\/uploads\/2019\/12\/Francois-Burgher-photos-photographies-images-pictures-AIR-FRANCE-LA-PREMIERE-2019-12-FISRT-CLASS-48.jpg\" alt=\"\" width=\"2000\" height=\"1500\" srcset=\"https:\/\/www.francoisburgher.fr\/app\/uploads\/2019\/12\/Francois-Burgher-photos-photographies-images-pictures-AIR-FRANCE-LA-PREMIERE-2019-12-FISRT-CLASS-48.jpg 2000w, https:\/\/www.francoisburgher.fr\/app\/uploads\/2019\/12\/Francois-Burgher-photos-photographies-images-pictures-AIR-FRANCE-LA-PREMIERE-2019-12-FISRT-CLASS-48-768x576.jpg 768w, https:\/\/www.francoisburgher.fr\/app\/uploads\/2019\/12\/Francois-Burgher-photos-photographies-images-pictures-AIR-FRANCE-LA-PREMIERE-2019-12-FISRT-CLASS-48-624x468.jpg 624w\" sizes=\"auto, (max-width: 2000px) 100vw, 2000px\" \/><\/a>[\/vc_column_text][\/vc_column][vc_column width=&#8221;1\/2&#8243;][vc_column_text]<a href=\"https:\/\/www.francoisburgher.fr\/app\/uploads\/2019\/12\/Francois-Burgher-photos-photographies-images-pictures-AIR-FRANCE-LA-PREMIERE-2019-12-FISRT-CLASS-47.jpg\"><img loading=\"lazy\" decoding=\"async\" class=\"aligncenter wp-image-5809 size-full\" src=\"https:\/\/www.francoisburgher.fr\/app\/uploads\/2019\/12\/Francois-Burgher-photos-photographies-images-pictures-AIR-FRANCE-LA-PREMIERE-2019-12-FISRT-CLASS-47-e1577812893930.jpg\" alt=\"\" width=\"1700\" height=\"1345\" srcset=\"https:\/\/www.francoisburgher.fr\/app\/uploads\/2019\/12\/Francois-Burgher-photos-photographies-images-pictures-AIR-FRANCE-LA-PREMIERE-2019-12-FISRT-CLASS-47-e1577812893930.jpg 1700w, https:\/\/www.francoisburgher.fr\/app\/uploads\/2019\/12\/Francois-Burgher-photos-photographies-images-pictures-AIR-FRANCE-LA-PREMIERE-2019-12-FISRT-CLASS-47-e1577812893930-768x608.jpg 768w, https:\/\/www.francoisburgher.fr\/app\/uploads\/2019\/12\/Francois-Burgher-photos-photographies-images-pictures-AIR-FRANCE-LA-PREMIERE-2019-12-FISRT-CLASS-47-e1577812893930-624x494.jpg 624w\" sizes=\"auto, (max-width: 1700px) 100vw, 1700px\" \/><\/a>[\/vc_column_text][\/vc_column][\/vc_row][vc_row][vc_column width=&#8221;1\/2&#8243;][vc_column_text]<\/p>\n<p><a href=\"https:\/\/www.francoisburgher.fr\/app\/uploads\/2019\/12\/Francois-Burgher-photos-photographies-images-pictures-AIR-FRANCE-LA-PREMIERE-2019-12-FISRT-CLASS-30.jpg\"><img loading=\"lazy\" decoding=\"async\" class=\"aligncenter wp-image-5801 size-full\" src=\"https:\/\/www.francoisburgher.fr\/app\/uploads\/2019\/12\/Francois-Burgher-photos-photographies-images-pictures-AIR-FRANCE-LA-PREMIERE-2019-12-FISRT-CLASS-30.jpg\" alt=\"\" width=\"2000\" height=\"1320\" srcset=\"https:\/\/www.francoisburgher.fr\/app\/uploads\/2019\/12\/Francois-Burgher-photos-photographies-images-pictures-AIR-FRANCE-LA-PREMIERE-2019-12-FISRT-CLASS-30.jpg 2000w, https:\/\/www.francoisburgher.fr\/app\/uploads\/2019\/12\/Francois-Burgher-photos-photographies-images-pictures-AIR-FRANCE-LA-PREMIERE-2019-12-FISRT-CLASS-30-768x507.jpg 768w, https:\/\/www.francoisburgher.fr\/app\/uploads\/2019\/12\/Francois-Burgher-photos-photographies-images-pictures-AIR-FRANCE-LA-PREMIERE-2019-12-FISRT-CLASS-30-624x412.jpg 624w\" sizes=\"auto, (max-width: 2000px) 100vw, 2000px\" \/><\/a>[\/vc_column_text][\/vc_column][vc_column width=&#8221;1\/2&#8243;][vc_column_text]<\/p>\n<p style=\"text-align: center;\"><a href=\"https:\/\/www.francoisburgher.fr\/app\/uploads\/2019\/12\/Francois-Burgher-photos-photographies-images-pictures-AIR-FRANCE-LA-PREMIERE-2019-12-FISRT-CLASS-43.jpg\"><img loading=\"lazy\" decoding=\"async\" class=\"alignnone wp-image-5807 size-full\" src=\"https:\/\/www.francoisburgher.fr\/app\/uploads\/2019\/12\/Francois-Burgher-photos-photographies-images-pictures-AIR-FRANCE-LA-PREMIERE-2019-12-FISRT-CLASS-43.jpg\" alt=\"\" width=\"2000\" height=\"1500\" srcset=\"https:\/\/www.francoisburgher.fr\/app\/uploads\/2019\/12\/Francois-Burgher-photos-photographies-images-pictures-AIR-FRANCE-LA-PREMIERE-2019-12-FISRT-CLASS-43.jpg 2000w, https:\/\/www.francoisburgher.fr\/app\/uploads\/2019\/12\/Francois-Burgher-photos-photographies-images-pictures-AIR-FRANCE-LA-PREMIERE-2019-12-FISRT-CLASS-43-768x576.jpg 768w, https:\/\/www.francoisburgher.fr\/app\/uploads\/2019\/12\/Francois-Burgher-photos-photographies-images-pictures-AIR-FRANCE-LA-PREMIERE-2019-12-FISRT-CLASS-43-624x468.jpg 624w\" sizes=\"auto, (max-width: 2000px) 100vw, 2000px\" \/><\/a><\/p>\n<p>[\/vc_column_text][\/vc_column][\/vc_row][vc_row][vc_column width=&#8221;1\/2&#8243;][vc_column_text]<\/p>\n<p>&nbsp;<\/p>\n<p>&nbsp;<\/p>\n<p style=\"text-align: center;\"><a href=\"https:\/\/www.francoisburgher.fr\/app\/uploads\/2019\/12\/Francois-Burgher-photos-photographies-images-pictures-AIR-FRANCE-LA-PREMIERE-2019-12-FISRT-CLASS-16.jpg\"><img loading=\"lazy\" decoding=\"async\" class=\"alignnone wp-image-5799 size-full\" src=\"https:\/\/www.francoisburgher.fr\/app\/uploads\/2019\/12\/Francois-Burgher-photos-photographies-images-pictures-AIR-FRANCE-LA-PREMIERE-2019-12-FISRT-CLASS-16.jpg\" alt=\"\" width=\"1500\" height=\"2000\" srcset=\"https:\/\/www.francoisburgher.fr\/app\/uploads\/2019\/12\/Francois-Burgher-photos-photographies-images-pictures-AIR-FRANCE-LA-PREMIERE-2019-12-FISRT-CLASS-16.jpg 1500w, https:\/\/www.francoisburgher.fr\/app\/uploads\/2019\/12\/Francois-Burgher-photos-photographies-images-pictures-AIR-FRANCE-LA-PREMIERE-2019-12-FISRT-CLASS-16-768x1024.jpg 768w, https:\/\/www.francoisburgher.fr\/app\/uploads\/2019\/12\/Francois-Burgher-photos-photographies-images-pictures-AIR-FRANCE-LA-PREMIERE-2019-12-FISRT-CLASS-16-624x832.jpg 624w\" sizes=\"auto, (max-width: 1500px) 100vw, 1500px\" \/><\/a><\/p>\n<p>[\/vc_column_text][\/vc_column][vc_column width=&#8221;1\/2&#8243;][vc_column_text]<\/p>\n<p style=\"text-align: center;\"><a href=\"https:\/\/www.francoisburgher.fr\/app\/uploads\/2019\/12\/Francois-Burgher-photos-photographies-images-pictures-AIR-FRANCE-LA-PREMIERE-2019-12-FISRT-CLASS-14.jpg\"><img loading=\"lazy\" decoding=\"async\" class=\"aligncenter wp-image-5797 size-full\" src=\"https:\/\/www.francoisburgher.fr\/app\/uploads\/2019\/12\/Francois-Burgher-photos-photographies-images-pictures-AIR-FRANCE-LA-PREMIERE-2019-12-FISRT-CLASS-14.jpg\" alt=\"\" width=\"2000\" height=\"1500\" srcset=\"https:\/\/www.francoisburgher.fr\/app\/uploads\/2019\/12\/Francois-Burgher-photos-photographies-images-pictures-AIR-FRANCE-LA-PREMIERE-2019-12-FISRT-CLASS-14.jpg 2000w, https:\/\/www.francoisburgher.fr\/app\/uploads\/2019\/12\/Francois-Burgher-photos-photographies-images-pictures-AIR-FRANCE-LA-PREMIERE-2019-12-FISRT-CLASS-14-768x576.jpg 768w, https:\/\/www.francoisburgher.fr\/app\/uploads\/2019\/12\/Francois-Burgher-photos-photographies-images-pictures-AIR-FRANCE-LA-PREMIERE-2019-12-FISRT-CLASS-14-624x468.jpg 624w\" sizes=\"auto, (max-width: 2000px) 100vw, 2000px\" \/><\/a><\/p>\n<p><a href=\"https:\/\/www.francoisburgher.fr\/app\/uploads\/2019\/12\/Francois-Burgher-photos-photographies-images-pictures-2019-12-AIR-FRANCE-LA-PREMIERE-First-class-32.jpg\"><img loading=\"lazy\" decoding=\"async\" class=\"aligncenter wp-image-5908 size-full\" src=\"https:\/\/www.francoisburgher.fr\/app\/uploads\/2019\/12\/Francois-Burgher-photos-photographies-images-pictures-2019-12-AIR-FRANCE-LA-PREMIERE-First-class-32.jpg\" alt=\"\" width=\"2000\" height=\"1500\" srcset=\"https:\/\/www.francoisburgher.fr\/app\/uploads\/2019\/12\/Francois-Burgher-photos-photographies-images-pictures-2019-12-AIR-FRANCE-LA-PREMIERE-First-class-32.jpg 2000w, https:\/\/www.francoisburgher.fr\/app\/uploads\/2019\/12\/Francois-Burgher-photos-photographies-images-pictures-2019-12-AIR-FRANCE-LA-PREMIERE-First-class-32-768x576.jpg 768w, https:\/\/www.francoisburgher.fr\/app\/uploads\/2019\/12\/Francois-Burgher-photos-photographies-images-pictures-2019-12-AIR-FRANCE-LA-PREMIERE-First-class-32-624x468.jpg 624w\" sizes=\"auto, (max-width: 2000px) 100vw, 2000px\" \/><\/a>[\/vc_column_text][\/vc_column][\/vc_row][vc_row][vc_column][vc_column_text]<\/p>\n<p style=\"text-align: left;\">Boarding time has come. We are invited to join a big engine to travel the runways and drop us under the plane for direct and exclusive access through the left front door of the aircraft.<\/p>\n<p>[\/vc_column_text][vc_row_inner][vc_column_inner el_class=&#8221;L\u2019heure de l\u2019embarquement a sonn\u00e9. On nous invite \u00e0 rejoindre une grosse cylindr\u00e9e pour parcourir les pistes et rejoindre le pied de l\u2019avion pour un acc\u00e8s directe et exclusif par la porte avant gauche de l\u2019appareil.&#8221; width=&#8221;1\/3&#8243; el_id=&#8221;L\u2019heure de l\u2019embarquement a sonn\u00e9. On nous invite \u00e0 rejoindre une grosse cylindr\u00e9e pour parcourir les pistes et rejoindre le pied de l\u2019avion pour un acc\u00e8s directe et exclusif par la porte avant gauche de l\u2019appareil.&#8221;][vc_column_text]<a href=\"https:\/\/www.francoisburgher.fr\/app\/uploads\/2019\/12\/Francois-Burgher-photos-photographies-images-pictures-AIR-FRANCE-LA-PREMIERE-2019-12-FISRT-CLASS-56-copie.jpg\"><img loading=\"lazy\" decoding=\"async\" class=\"aligncenter wp-image-5817 size-full\" src=\"https:\/\/www.francoisburgher.fr\/app\/uploads\/2019\/12\/Francois-Burgher-photos-photographies-images-pictures-AIR-FRANCE-LA-PREMIERE-2019-12-FISRT-CLASS-56-copie.jpg\" alt=\"\" width=\"2000\" height=\"994\" srcset=\"https:\/\/www.francoisburgher.fr\/app\/uploads\/2019\/12\/Francois-Burgher-photos-photographies-images-pictures-AIR-FRANCE-LA-PREMIERE-2019-12-FISRT-CLASS-56-copie.jpg 2000w, https:\/\/www.francoisburgher.fr\/app\/uploads\/2019\/12\/Francois-Burgher-photos-photographies-images-pictures-AIR-FRANCE-LA-PREMIERE-2019-12-FISRT-CLASS-56-copie-768x382.jpg 768w, https:\/\/www.francoisburgher.fr\/app\/uploads\/2019\/12\/Francois-Burgher-photos-photographies-images-pictures-AIR-FRANCE-LA-PREMIERE-2019-12-FISRT-CLASS-56-copie-624x310.jpg 624w\" sizes=\"auto, (max-width: 2000px) 100vw, 2000px\" \/><\/a>[\/vc_column_text][\/vc_column_inner][vc_column_inner width=&#8221;1\/3&#8243;][vc_column_text]<a href=\"https:\/\/www.francoisburgher.fr\/app\/uploads\/2019\/12\/Francois-Burgher-photos-photographies-images-pictures-SAO-PAULO-BRAZIL-BRESIL-2019-12-AIR-FRANCE-LA-PREMIERE-178.jpg\"><img loading=\"lazy\" decoding=\"async\" class=\"aligncenter wp-image-5865 size-full\" src=\"https:\/\/www.francoisburgher.fr\/app\/uploads\/2019\/12\/Francois-Burgher-photos-photographies-images-pictures-SAO-PAULO-BRAZIL-BRESIL-2019-12-AIR-FRANCE-LA-PREMIERE-178.jpg\" alt=\"\" width=\"2000\" height=\"1500\" srcset=\"https:\/\/www.francoisburgher.fr\/app\/uploads\/2019\/12\/Francois-Burgher-photos-photographies-images-pictures-SAO-PAULO-BRAZIL-BRESIL-2019-12-AIR-FRANCE-LA-PREMIERE-178.jpg 2000w, https:\/\/www.francoisburgher.fr\/app\/uploads\/2019\/12\/Francois-Burgher-photos-photographies-images-pictures-SAO-PAULO-BRAZIL-BRESIL-2019-12-AIR-FRANCE-LA-PREMIERE-178-768x576.jpg 768w, https:\/\/www.francoisburgher.fr\/app\/uploads\/2019\/12\/Francois-Burgher-photos-photographies-images-pictures-SAO-PAULO-BRAZIL-BRESIL-2019-12-AIR-FRANCE-LA-PREMIERE-178-624x468.jpg 624w\" sizes=\"auto, (max-width: 2000px) 100vw, 2000px\" \/><\/a>[\/vc_column_text][\/vc_column_inner][vc_column_inner width=&#8221;1\/3&#8243;][vc_column_text]<a href=\"https:\/\/www.francoisburgher.fr\/app\/uploads\/2019\/12\/Francois-Burgher-photos-photographies-images-pictures-2019-12-AIR-FRANCE-LA-PREMIERE-First-class-6.jpg\"><img loading=\"lazy\" decoding=\"async\" class=\"aligncenter wp-image-5881 size-full\" src=\"https:\/\/www.francoisburgher.fr\/app\/uploads\/2019\/12\/Francois-Burgher-photos-photographies-images-pictures-2019-12-AIR-FRANCE-LA-PREMIERE-First-class-6-e1577811403640.jpg\" alt=\"\" width=\"2000\" height=\"1110\" srcset=\"https:\/\/www.francoisburgher.fr\/app\/uploads\/2019\/12\/Francois-Burgher-photos-photographies-images-pictures-2019-12-AIR-FRANCE-LA-PREMIERE-First-class-6-e1577811403640.jpg 2000w, https:\/\/www.francoisburgher.fr\/app\/uploads\/2019\/12\/Francois-Burgher-photos-photographies-images-pictures-2019-12-AIR-FRANCE-LA-PREMIERE-First-class-6-e1577811403640-768x426.jpg 768w, https:\/\/www.francoisburgher.fr\/app\/uploads\/2019\/12\/Francois-Burgher-photos-photographies-images-pictures-2019-12-AIR-FRANCE-LA-PREMIERE-First-class-6-e1577811403640-624x346.jpg 624w\" sizes=\"auto, (max-width: 2000px) 100vw, 2000px\" \/><\/a>[\/vc_column_text][\/vc_column_inner][\/vc_row_inner][\/vc_column][\/vc_row][vc_row][vc_column][vc_column_text]<a href=\"https:\/\/www.francoisburgher.fr\/app\/uploads\/2019\/12\/Francois-Burgher-photos-photographies-images-pictures-SAO-PAULO-BRAZIL-BRESIL-2019-12-AIR-FRANCE-LA-PREMIERE-182.jpg\"><img loading=\"lazy\" decoding=\"async\" class=\"alignnone wp-image-5867 size-full\" src=\"https:\/\/www.francoisburgher.fr\/app\/uploads\/2019\/12\/Francois-Burgher-photos-photographies-images-pictures-SAO-PAULO-BRAZIL-BRESIL-2019-12-AIR-FRANCE-LA-PREMIERE-182.jpg\" alt=\"\" width=\"2000\" height=\"1022\" srcset=\"https:\/\/www.francoisburgher.fr\/app\/uploads\/2019\/12\/Francois-Burgher-photos-photographies-images-pictures-SAO-PAULO-BRAZIL-BRESIL-2019-12-AIR-FRANCE-LA-PREMIERE-182.jpg 2000w, https:\/\/www.francoisburgher.fr\/app\/uploads\/2019\/12\/Francois-Burgher-photos-photographies-images-pictures-SAO-PAULO-BRAZIL-BRESIL-2019-12-AIR-FRANCE-LA-PREMIERE-182-768x392.jpg 768w, https:\/\/www.francoisburgher.fr\/app\/uploads\/2019\/12\/Francois-Burgher-photos-photographies-images-pictures-SAO-PAULO-BRAZIL-BRESIL-2019-12-AIR-FRANCE-LA-PREMIERE-182-624x319.jpg 624w\" sizes=\"auto, (max-width: 2000px) 100vw, 2000px\" \/><\/a>[\/vc_column_text][\/vc_column][\/vc_row][vc_row][vc_column][vc_column_text]<\/p>\n<p style=\"text-align: left;\">Installation on board, presentation of the cabin crew in charge of us. Champagne vintage ad libitum. Take-off, press available, presentation of the gastronomic menu and choice of the time of service at our convenience for the duration of the flight.<\/p>\n<p>[\/vc_column_text][vc_column_text]<a href=\"https:\/\/www.francoisburgher.fr\/app\/uploads\/2019\/12\/Francois-Burgher-photos-photographies-images-pictures-AIR-FRANCE-LA-PREMIERE-2019-12-FISRT-CLASS-57.jpg\"><img loading=\"lazy\" decoding=\"async\" class=\"aligncenter wp-image-5819 size-full\" src=\"https:\/\/www.francoisburgher.fr\/app\/uploads\/2019\/12\/Francois-Burgher-photos-photographies-images-pictures-AIR-FRANCE-LA-PREMIERE-2019-12-FISRT-CLASS-57.jpg\" alt=\"\" width=\"2000\" height=\"1500\" srcset=\"https:\/\/www.francoisburgher.fr\/app\/uploads\/2019\/12\/Francois-Burgher-photos-photographies-images-pictures-AIR-FRANCE-LA-PREMIERE-2019-12-FISRT-CLASS-57.jpg 2000w, https:\/\/www.francoisburgher.fr\/app\/uploads\/2019\/12\/Francois-Burgher-photos-photographies-images-pictures-AIR-FRANCE-LA-PREMIERE-2019-12-FISRT-CLASS-57-768x576.jpg 768w, https:\/\/www.francoisburgher.fr\/app\/uploads\/2019\/12\/Francois-Burgher-photos-photographies-images-pictures-AIR-FRANCE-LA-PREMIERE-2019-12-FISRT-CLASS-57-624x468.jpg 624w\" sizes=\"auto, (max-width: 2000px) 100vw, 2000px\" \/><\/a>[\/vc_column_text][\/vc_column][\/vc_row][vc_row][vc_column][vc_column_text]<a href=\"https:\/\/www.francoisburgher.fr\/app\/uploads\/2019\/12\/Francois-Burgher-photos-photographies-images-pictures-AIR-FRANCE-LA-PREMIERE-2019-12-FISRT-CLASS-61-copie.jpg\"><img loading=\"lazy\" decoding=\"async\" class=\"aligncenter wp-image-5821 size-full\" src=\"https:\/\/www.francoisburgher.fr\/app\/uploads\/2019\/12\/Francois-Burgher-photos-photographies-images-pictures-AIR-FRANCE-LA-PREMIERE-2019-12-FISRT-CLASS-61-copie.jpg\" alt=\"\" width=\"2000\" height=\"1500\" srcset=\"https:\/\/www.francoisburgher.fr\/app\/uploads\/2019\/12\/Francois-Burgher-photos-photographies-images-pictures-AIR-FRANCE-LA-PREMIERE-2019-12-FISRT-CLASS-61-copie.jpg 2000w, https:\/\/www.francoisburgher.fr\/app\/uploads\/2019\/12\/Francois-Burgher-photos-photographies-images-pictures-AIR-FRANCE-LA-PREMIERE-2019-12-FISRT-CLASS-61-copie-768x576.jpg 768w, https:\/\/www.francoisburgher.fr\/app\/uploads\/2019\/12\/Francois-Burgher-photos-photographies-images-pictures-AIR-FRANCE-LA-PREMIERE-2019-12-FISRT-CLASS-61-copie-624x468.jpg 624w\" sizes=\"auto, (max-width: 2000px) 100vw, 2000px\" \/><\/a>[\/vc_column_text][\/vc_column][\/vc_row][vc_row][vc_column width=&#8221;1\/3&#8243;][vc_column_text]<\/p>\n<p><a href=\"https:\/\/www.francoisburgher.fr\/app\/uploads\/2019\/12\/Francois-Burgher-photos-photographies-images-pictures-AIR-FRANCE-LA-PREMIERE-2019-12-FISRT-CLASS-127.jpg\"><img loading=\"lazy\" decoding=\"async\" class=\"aligncenter wp-image-5839 size-full\" src=\"https:\/\/www.francoisburgher.fr\/app\/uploads\/2019\/12\/Francois-Burgher-photos-photographies-images-pictures-AIR-FRANCE-LA-PREMIERE-2019-12-FISRT-CLASS-127.jpg\" alt=\"\" width=\"2000\" height=\"1500\" srcset=\"https:\/\/www.francoisburgher.fr\/app\/uploads\/2019\/12\/Francois-Burgher-photos-photographies-images-pictures-AIR-FRANCE-LA-PREMIERE-2019-12-FISRT-CLASS-127.jpg 2000w, https:\/\/www.francoisburgher.fr\/app\/uploads\/2019\/12\/Francois-Burgher-photos-photographies-images-pictures-AIR-FRANCE-LA-PREMIERE-2019-12-FISRT-CLASS-127-768x576.jpg 768w, https:\/\/www.francoisburgher.fr\/app\/uploads\/2019\/12\/Francois-Burgher-photos-photographies-images-pictures-AIR-FRANCE-LA-PREMIERE-2019-12-FISRT-CLASS-127-624x468.jpg 624w\" sizes=\"auto, (max-width: 2000px) 100vw, 2000px\" \/><\/a>[\/vc_column_text][\/vc_column][vc_column width=&#8221;1\/3&#8243;][vc_column_text]<a href=\"https:\/\/www.francoisburgher.fr\/app\/uploads\/2019\/12\/Francois-Burgher-photos-photographies-images-pictures-SAO-PAULO-BRAZIL-BRESIL-2019-12-AIR-FRANCE-LA-PREMIERE-139.jpg\"><img loading=\"lazy\" decoding=\"async\" class=\"aligncenter wp-image-5841 size-full\" src=\"https:\/\/www.francoisburgher.fr\/app\/uploads\/2019\/12\/Francois-Burgher-photos-photographies-images-pictures-SAO-PAULO-BRAZIL-BRESIL-2019-12-AIR-FRANCE-LA-PREMIERE-139-e1578075852465.jpg\" alt=\"\" width=\"1500\" height=\"1325\" srcset=\"https:\/\/www.francoisburgher.fr\/app\/uploads\/2019\/12\/Francois-Burgher-photos-photographies-images-pictures-SAO-PAULO-BRAZIL-BRESIL-2019-12-AIR-FRANCE-LA-PREMIERE-139-e1578075852465.jpg 1500w, https:\/\/www.francoisburgher.fr\/app\/uploads\/2019\/12\/Francois-Burgher-photos-photographies-images-pictures-SAO-PAULO-BRAZIL-BRESIL-2019-12-AIR-FRANCE-LA-PREMIERE-139-e1578075852465-768x678.jpg 768w, https:\/\/www.francoisburgher.fr\/app\/uploads\/2019\/12\/Francois-Burgher-photos-photographies-images-pictures-SAO-PAULO-BRAZIL-BRESIL-2019-12-AIR-FRANCE-LA-PREMIERE-139-e1578075852465-624x551.jpg 624w\" sizes=\"auto, (max-width: 1500px) 100vw, 1500px\" \/><\/a>[\/vc_column_text][\/vc_column][vc_column width=&#8221;1\/3&#8243;][vc_column_text]<\/p>\n<p>&nbsp;<\/p>\n<p><a href=\"https:\/\/www.francoisburgher.fr\/app\/uploads\/2019\/12\/Francois-Burgher-photos-photographies-images-pictures-2019-12-AIR-FRANCE-LA-PREMIERE-First-class-7.jpg\"><img loading=\"lazy\" decoding=\"async\" class=\"aligncenter wp-image-5883 size-full\" src=\"https:\/\/www.francoisburgher.fr\/app\/uploads\/2019\/12\/Francois-Burgher-photos-photographies-images-pictures-2019-12-AIR-FRANCE-LA-PREMIERE-First-class-7.jpg\" alt=\"\" width=\"2000\" height=\"1500\" srcset=\"https:\/\/www.francoisburgher.fr\/app\/uploads\/2019\/12\/Francois-Burgher-photos-photographies-images-pictures-2019-12-AIR-FRANCE-LA-PREMIERE-First-class-7.jpg 2000w, https:\/\/www.francoisburgher.fr\/app\/uploads\/2019\/12\/Francois-Burgher-photos-photographies-images-pictures-2019-12-AIR-FRANCE-LA-PREMIERE-First-class-7-768x576.jpg 768w, https:\/\/www.francoisburgher.fr\/app\/uploads\/2019\/12\/Francois-Burgher-photos-photographies-images-pictures-2019-12-AIR-FRANCE-LA-PREMIERE-First-class-7-624x468.jpg 624w\" sizes=\"auto, (max-width: 2000px) 100vw, 2000px\" \/><\/a>[\/vc_column_text][\/vc_column][\/vc_row][vc_row][vc_column width=&#8221;1\/2&#8243;][vc_column_text]<a href=\"https:\/\/www.francoisburgher.fr\/app\/uploads\/2019\/12\/Francois-Burgher-photos-photographies-images-pictures-2019-12-AIR-FRANCE-LA-PREMIERE-First-class-19.jpg\"><img loading=\"lazy\" decoding=\"async\" class=\"aligncenter wp-image-5916 size-full\" src=\"https:\/\/www.francoisburgher.fr\/app\/uploads\/2019\/12\/Francois-Burgher-photos-photographies-images-pictures-2019-12-AIR-FRANCE-LA-PREMIERE-First-class-19.jpg\" alt=\"\" width=\"2000\" height=\"1500\" srcset=\"https:\/\/www.francoisburgher.fr\/app\/uploads\/2019\/12\/Francois-Burgher-photos-photographies-images-pictures-2019-12-AIR-FRANCE-LA-PREMIERE-First-class-19.jpg 2000w, https:\/\/www.francoisburgher.fr\/app\/uploads\/2019\/12\/Francois-Burgher-photos-photographies-images-pictures-2019-12-AIR-FRANCE-LA-PREMIERE-First-class-19-768x576.jpg 768w, https:\/\/www.francoisburgher.fr\/app\/uploads\/2019\/12\/Francois-Burgher-photos-photographies-images-pictures-2019-12-AIR-FRANCE-LA-PREMIERE-First-class-19-624x468.jpg 624w\" sizes=\"auto, (max-width: 2000px) 100vw, 2000px\" \/><\/a>[\/vc_column_text][\/vc_column][vc_column width=&#8221;1\/2&#8243;][vc_column_text]<a href=\"https:\/\/www.francoisburgher.fr\/app\/uploads\/2019\/12\/Francois-Burgher-photos-photographies-images-pictures-2019-12-AIR-FRANCE-LA-PREMIERE-First-class-18.jpg\"><img loading=\"lazy\" decoding=\"async\" class=\"aligncenter wp-image-5918 size-full\" src=\"https:\/\/www.francoisburgher.fr\/app\/uploads\/2019\/12\/Francois-Burgher-photos-photographies-images-pictures-2019-12-AIR-FRANCE-LA-PREMIERE-First-class-18.jpg\" alt=\"\" width=\"2000\" height=\"1500\" srcset=\"https:\/\/www.francoisburgher.fr\/app\/uploads\/2019\/12\/Francois-Burgher-photos-photographies-images-pictures-2019-12-AIR-FRANCE-LA-PREMIERE-First-class-18.jpg 2000w, https:\/\/www.francoisburgher.fr\/app\/uploads\/2019\/12\/Francois-Burgher-photos-photographies-images-pictures-2019-12-AIR-FRANCE-LA-PREMIERE-First-class-18-768x576.jpg 768w, https:\/\/www.francoisburgher.fr\/app\/uploads\/2019\/12\/Francois-Burgher-photos-photographies-images-pictures-2019-12-AIR-FRANCE-LA-PREMIERE-First-class-18-624x468.jpg 624w\" sizes=\"auto, (max-width: 2000px) 100vw, 2000px\" \/><\/a>[\/vc_column_text][\/vc_column][\/vc_row][vc_row][vc_column][vc_column_text]<\/p>\n<p style=\"text-align: left;\">Then, like a fashion show, the dishes will follow one another at our own pace: caviar, foie gras, lobster to begin with\u2026 Meat or poultry, salad, the constituents of which are chosen assembled and seasoned according to everyone&#8217;s taste, as in a real stared establishment.<\/p>\n<p>&nbsp;<\/p>\n<p><a href=\"https:\/\/www.francoisburgher.fr\/app\/uploads\/2019\/12\/Francois-Burgher-photos-photographies-images-pictures-2019-12-AIR-FRANCE-LA-PREMIERE-First-class-31.jpg\"><img loading=\"lazy\" decoding=\"async\" class=\"aligncenter wp-image-5904 size-full\" src=\"https:\/\/www.francoisburgher.fr\/app\/uploads\/2019\/12\/Francois-Burgher-photos-photographies-images-pictures-2019-12-AIR-FRANCE-LA-PREMIERE-First-class-31.jpg\" alt=\"\" width=\"2000\" height=\"1500\" srcset=\"https:\/\/www.francoisburgher.fr\/app\/uploads\/2019\/12\/Francois-Burgher-photos-photographies-images-pictures-2019-12-AIR-FRANCE-LA-PREMIERE-First-class-31.jpg 2000w, https:\/\/www.francoisburgher.fr\/app\/uploads\/2019\/12\/Francois-Burgher-photos-photographies-images-pictures-2019-12-AIR-FRANCE-LA-PREMIERE-First-class-31-768x576.jpg 768w, https:\/\/www.francoisburgher.fr\/app\/uploads\/2019\/12\/Francois-Burgher-photos-photographies-images-pictures-2019-12-AIR-FRANCE-LA-PREMIERE-First-class-31-624x468.jpg 624w\" sizes=\"auto, (max-width: 2000px) 100vw, 2000px\" \/><\/a><\/p>\n<p>&nbsp;<\/p>\n<p style=\"text-align: left;\">Appetizer then tasting of the great vintages offered by well known sommeliers to determine a personal choice while harmonizing with our dishes<\/p>\n<p>[\/vc_column_text][\/vc_column][\/vc_row][vc_row][vc_column width=&#8221;1\/2&#8243;][vc_column_text]<a href=\"https:\/\/www.francoisburgher.fr\/app\/uploads\/2019\/12\/Francois-Burgher-photos-photographies-images-pictures-2019-12-AIR-FRANCE-LA-PREMIERE-First-class-12.jpg\"><img loading=\"lazy\" decoding=\"async\" class=\"aligncenter wp-image-5887 size-full\" src=\"https:\/\/www.francoisburgher.fr\/app\/uploads\/2019\/12\/Francois-Burgher-photos-photographies-images-pictures-2019-12-AIR-FRANCE-LA-PREMIERE-First-class-12.jpg\" alt=\"\" width=\"1500\" height=\"2000\" srcset=\"https:\/\/www.francoisburgher.fr\/app\/uploads\/2019\/12\/Francois-Burgher-photos-photographies-images-pictures-2019-12-AIR-FRANCE-LA-PREMIERE-First-class-12.jpg 1500w, https:\/\/www.francoisburgher.fr\/app\/uploads\/2019\/12\/Francois-Burgher-photos-photographies-images-pictures-2019-12-AIR-FRANCE-LA-PREMIERE-First-class-12-768x1024.jpg 768w, https:\/\/www.francoisburgher.fr\/app\/uploads\/2019\/12\/Francois-Burgher-photos-photographies-images-pictures-2019-12-AIR-FRANCE-LA-PREMIERE-First-class-12-624x832.jpg 624w\" sizes=\"auto, (max-width: 1500px) 100vw, 1500px\" \/><\/a>[\/vc_column_text][\/vc_column][vc_column width=&#8221;1\/2&#8243;][vc_column_text]<a href=\"https:\/\/www.francoisburgher.fr\/app\/uploads\/2019\/12\/Francois-Burgher-photos-photographies-images-pictures-2019-12-AIR-FRANCE-LA-PREMIERE-First-class-41.jpg\"><img loading=\"lazy\" decoding=\"async\" class=\"aligncenter wp-image-5925 size-full\" src=\"https:\/\/www.francoisburgher.fr\/app\/uploads\/2019\/12\/Francois-Burgher-photos-photographies-images-pictures-2019-12-AIR-FRANCE-LA-PREMIERE-First-class-41.jpg\" alt=\"\" width=\"1500\" height=\"2000\" srcset=\"https:\/\/www.francoisburgher.fr\/app\/uploads\/2019\/12\/Francois-Burgher-photos-photographies-images-pictures-2019-12-AIR-FRANCE-LA-PREMIERE-First-class-41.jpg 1500w, https:\/\/www.francoisburgher.fr\/app\/uploads\/2019\/12\/Francois-Burgher-photos-photographies-images-pictures-2019-12-AIR-FRANCE-LA-PREMIERE-First-class-41-768x1024.jpg 768w, https:\/\/www.francoisburgher.fr\/app\/uploads\/2019\/12\/Francois-Burgher-photos-photographies-images-pictures-2019-12-AIR-FRANCE-LA-PREMIERE-First-class-41-624x832.jpg 624w\" sizes=\"auto, (max-width: 1500px) 100vw, 1500px\" \/><\/a>[\/vc_column_text][\/vc_column][\/vc_row][vc_row][vc_column][vc_column_text][\/vc_column_text][vc_column_text]<\/p>\n<p style=\"text-align: left;\">All the dishes offered on the menu being available to guarantee each passenger all the choices without restriction, it will be possible for me to taste all the preparations, including those not selected as my main choice.<\/p>\n<p>[\/vc_column_text][vc_column_text]<a href=\"https:\/\/www.francoisburgher.fr\/app\/uploads\/2019\/12\/Francois-Burgher-photos-photographies-images-pictures-2019-12-AIR-FRANCE-LA-PREMIERE-First-class-35.jpg\"><img loading=\"lazy\" decoding=\"async\" class=\"aligncenter wp-image-5921 size-full\" src=\"https:\/\/www.francoisburgher.fr\/app\/uploads\/2019\/12\/Francois-Burgher-photos-photographies-images-pictures-2019-12-AIR-FRANCE-LA-PREMIERE-First-class-35.jpg\" alt=\"\" width=\"2000\" height=\"1500\" srcset=\"https:\/\/www.francoisburgher.fr\/app\/uploads\/2019\/12\/Francois-Burgher-photos-photographies-images-pictures-2019-12-AIR-FRANCE-LA-PREMIERE-First-class-35.jpg 2000w, https:\/\/www.francoisburgher.fr\/app\/uploads\/2019\/12\/Francois-Burgher-photos-photographies-images-pictures-2019-12-AIR-FRANCE-LA-PREMIERE-First-class-35-768x576.jpg 768w, https:\/\/www.francoisburgher.fr\/app\/uploads\/2019\/12\/Francois-Burgher-photos-photographies-images-pictures-2019-12-AIR-FRANCE-LA-PREMIERE-First-class-35-624x468.jpg 624w\" sizes=\"auto, (max-width: 2000px) 100vw, 2000px\" \/><\/a>[\/vc_column_text][\/vc_column][\/vc_row][vc_row][vc_column width=&#8221;1\/3&#8243;][vc_column_text]<\/p>\n<p><a href=\"https:\/\/www.francoisburgher.fr\/app\/uploads\/2019\/12\/Francois-Burgher-photos-photographies-images-pictures-SAO-PAULO-BRAZIL-BRESIL-2019-12-AIR-FRANCE-LA-PREMIERE-158.jpg\"><img loading=\"lazy\" decoding=\"async\" class=\"aligncenter wp-image-5847 size-full\" src=\"https:\/\/www.francoisburgher.fr\/app\/uploads\/2019\/12\/Francois-Burgher-photos-photographies-images-pictures-SAO-PAULO-BRAZIL-BRESIL-2019-12-AIR-FRANCE-LA-PREMIERE-158.jpg\" alt=\"\" width=\"2000\" height=\"1148\" srcset=\"https:\/\/www.francoisburgher.fr\/app\/uploads\/2019\/12\/Francois-Burgher-photos-photographies-images-pictures-SAO-PAULO-BRAZIL-BRESIL-2019-12-AIR-FRANCE-LA-PREMIERE-158.jpg 2000w, https:\/\/www.francoisburgher.fr\/app\/uploads\/2019\/12\/Francois-Burgher-photos-photographies-images-pictures-SAO-PAULO-BRAZIL-BRESIL-2019-12-AIR-FRANCE-LA-PREMIERE-158-768x441.jpg 768w, https:\/\/www.francoisburgher.fr\/app\/uploads\/2019\/12\/Francois-Burgher-photos-photographies-images-pictures-SAO-PAULO-BRAZIL-BRESIL-2019-12-AIR-FRANCE-LA-PREMIERE-158-624x358.jpg 624w\" sizes=\"auto, (max-width: 2000px) 100vw, 2000px\" \/><\/a><\/p>\n<p>&nbsp;<\/p>\n<p>&nbsp;<\/p>\n<p><a href=\"https:\/\/www.francoisburgher.fr\/app\/uploads\/2019\/12\/Francois-Burgher-photos-photographies-images-pictures-SAO-PAULO-BRAZIL-BRESIL-2019-12-AIR-FRANCE-LA-PREMIERE-157.jpg\"><img loading=\"lazy\" decoding=\"async\" class=\"aligncenter wp-image-5845 size-full\" src=\"https:\/\/www.francoisburgher.fr\/app\/uploads\/2019\/12\/Francois-Burgher-photos-photographies-images-pictures-SAO-PAULO-BRAZIL-BRESIL-2019-12-AIR-FRANCE-LA-PREMIERE-157-e1577811552933.jpg\" alt=\"\" width=\"2000\" height=\"1360\" srcset=\"https:\/\/www.francoisburgher.fr\/app\/uploads\/2019\/12\/Francois-Burgher-photos-photographies-images-pictures-SAO-PAULO-BRAZIL-BRESIL-2019-12-AIR-FRANCE-LA-PREMIERE-157-e1577811552933.jpg 2000w, https:\/\/www.francoisburgher.fr\/app\/uploads\/2019\/12\/Francois-Burgher-photos-photographies-images-pictures-SAO-PAULO-BRAZIL-BRESIL-2019-12-AIR-FRANCE-LA-PREMIERE-157-e1577811552933-768x522.jpg 768w, https:\/\/www.francoisburgher.fr\/app\/uploads\/2019\/12\/Francois-Burgher-photos-photographies-images-pictures-SAO-PAULO-BRAZIL-BRESIL-2019-12-AIR-FRANCE-LA-PREMIERE-157-e1577811552933-624x424.jpg 624w\" sizes=\"auto, (max-width: 2000px) 100vw, 2000px\" \/><\/a>[\/vc_column_text][\/vc_column][vc_column width=&#8221;1\/3&#8243;][vc_column_text]<a href=\"https:\/\/www.francoisburgher.fr\/app\/uploads\/2019\/12\/Francois-Burgher-photos-photographies-images-pictures-AIR-FRANCE-LA-PREMIERE-2019-12-FISRT-CLASS-121.jpg\"><img loading=\"lazy\" decoding=\"async\" class=\"aligncenter wp-image-5835 size-full\" src=\"https:\/\/www.francoisburgher.fr\/app\/uploads\/2019\/12\/Francois-Burgher-photos-photographies-images-pictures-AIR-FRANCE-LA-PREMIERE-2019-12-FISRT-CLASS-121.jpg\" alt=\"\" width=\"2000\" height=\"1500\" srcset=\"https:\/\/www.francoisburgher.fr\/app\/uploads\/2019\/12\/Francois-Burgher-photos-photographies-images-pictures-AIR-FRANCE-LA-PREMIERE-2019-12-FISRT-CLASS-121.jpg 2000w, https:\/\/www.francoisburgher.fr\/app\/uploads\/2019\/12\/Francois-Burgher-photos-photographies-images-pictures-AIR-FRANCE-LA-PREMIERE-2019-12-FISRT-CLASS-121-768x576.jpg 768w, https:\/\/www.francoisburgher.fr\/app\/uploads\/2019\/12\/Francois-Burgher-photos-photographies-images-pictures-AIR-FRANCE-LA-PREMIERE-2019-12-FISRT-CLASS-121-624x468.jpg 624w\" sizes=\"auto, (max-width: 2000px) 100vw, 2000px\" \/><\/a><\/p>\n<p>&nbsp;<\/p>\n<p><a href=\"https:\/\/www.francoisburgher.fr\/app\/uploads\/2019\/12\/Francois-Burgher-photos-photographies-images-pictures-AIR-FRANCE-LA-PREMIERE-2019-12-FISRT-CLASS-120.jpg\"><img loading=\"lazy\" decoding=\"async\" class=\"aligncenter wp-image-5833 size-full\" src=\"https:\/\/www.francoisburgher.fr\/app\/uploads\/2019\/12\/Francois-Burgher-photos-photographies-images-pictures-AIR-FRANCE-LA-PREMIERE-2019-12-FISRT-CLASS-120.jpg\" alt=\"\" width=\"2000\" height=\"1210\" srcset=\"https:\/\/www.francoisburgher.fr\/app\/uploads\/2019\/12\/Francois-Burgher-photos-photographies-images-pictures-AIR-FRANCE-LA-PREMIERE-2019-12-FISRT-CLASS-120.jpg 2000w, https:\/\/www.francoisburgher.fr\/app\/uploads\/2019\/12\/Francois-Burgher-photos-photographies-images-pictures-AIR-FRANCE-LA-PREMIERE-2019-12-FISRT-CLASS-120-768x465.jpg 768w, https:\/\/www.francoisburgher.fr\/app\/uploads\/2019\/12\/Francois-Burgher-photos-photographies-images-pictures-AIR-FRANCE-LA-PREMIERE-2019-12-FISRT-CLASS-120-624x378.jpg 624w\" sizes=\"auto, (max-width: 2000px) 100vw, 2000px\" \/><\/a>[\/vc_column_text][\/vc_column][vc_column width=&#8221;1\/3&#8243;][vc_column_text]<a href=\"https:\/\/www.francoisburgher.fr\/app\/uploads\/2019\/12\/Francois-Burgher-photos-photographies-images-pictures-AIR-FRANCE-LA-PREMIERE-2019-12-FISRT-CLASS-115.jpg\"><img loading=\"lazy\" decoding=\"async\" class=\"aligncenter wp-image-5831 size-full\" src=\"https:\/\/www.francoisburgher.fr\/app\/uploads\/2019\/12\/Francois-Burgher-photos-photographies-images-pictures-AIR-FRANCE-LA-PREMIERE-2019-12-FISRT-CLASS-115.jpg\" alt=\"\" width=\"2000\" height=\"1500\" srcset=\"https:\/\/www.francoisburgher.fr\/app\/uploads\/2019\/12\/Francois-Burgher-photos-photographies-images-pictures-AIR-FRANCE-LA-PREMIERE-2019-12-FISRT-CLASS-115.jpg 2000w, https:\/\/www.francoisburgher.fr\/app\/uploads\/2019\/12\/Francois-Burgher-photos-photographies-images-pictures-AIR-FRANCE-LA-PREMIERE-2019-12-FISRT-CLASS-115-768x576.jpg 768w, https:\/\/www.francoisburgher.fr\/app\/uploads\/2019\/12\/Francois-Burgher-photos-photographies-images-pictures-AIR-FRANCE-LA-PREMIERE-2019-12-FISRT-CLASS-115-624x468.jpg 624w\" sizes=\"auto, (max-width: 2000px) 100vw, 2000px\" \/><\/a><\/p>\n<p>&nbsp;<\/p>\n<p><a href=\"https:\/\/www.francoisburgher.fr\/app\/uploads\/2019\/12\/Francois-Burgher-photos-photographies-images-pictures-AIR-FRANCE-LA-PREMIERE-2019-12-FISRT-CLASS-112.jpg\"><img loading=\"lazy\" decoding=\"async\" class=\"aligncenter wp-image-5829 size-full\" src=\"https:\/\/www.francoisburgher.fr\/app\/uploads\/2019\/12\/Francois-Burgher-photos-photographies-images-pictures-AIR-FRANCE-LA-PREMIERE-2019-12-FISRT-CLASS-112.jpg\" alt=\"\" width=\"2000\" height=\"1311\" srcset=\"https:\/\/www.francoisburgher.fr\/app\/uploads\/2019\/12\/Francois-Burgher-photos-photographies-images-pictures-AIR-FRANCE-LA-PREMIERE-2019-12-FISRT-CLASS-112.jpg 2000w, https:\/\/www.francoisburgher.fr\/app\/uploads\/2019\/12\/Francois-Burgher-photos-photographies-images-pictures-AIR-FRANCE-LA-PREMIERE-2019-12-FISRT-CLASS-112-768x503.jpg 768w, https:\/\/www.francoisburgher.fr\/app\/uploads\/2019\/12\/Francois-Burgher-photos-photographies-images-pictures-AIR-FRANCE-LA-PREMIERE-2019-12-FISRT-CLASS-112-624x409.jpg 624w\" sizes=\"auto, (max-width: 2000px) 100vw, 2000px\" \/><\/a>[\/vc_column_text][vc_column_text][\/vc_column_text][\/vc_column][\/vc_row][vc_row][vc_column][vc_column_text]<\/p>\n<p style=\"text-align: left;\">The cheese board is presented at ambiant temperature with the wines likely to accompany it from the start of the meal to exhale the aromas and allow the textures to refine.<\/p>\n<p>[\/vc_column_text][\/vc_column][\/vc_row][vc_row][vc_column width=&#8221;1\/2&#8243;][vc_column_text]<a href=\"https:\/\/www.francoisburgher.fr\/app\/uploads\/2019\/12\/Francois-Burgher-photos-photographies-images-pictures-2019-12-AIR-FRANCE-LA-PREMIERE-First-class-11.jpg\"><img loading=\"lazy\" decoding=\"async\" class=\"aligncenter wp-image-5885 size-full\" src=\"https:\/\/www.francoisburgher.fr\/app\/uploads\/2019\/12\/Francois-Burgher-photos-photographies-images-pictures-2019-12-AIR-FRANCE-LA-PREMIERE-First-class-11.jpg\" alt=\"\" width=\"2000\" height=\"1500\" srcset=\"https:\/\/www.francoisburgher.fr\/app\/uploads\/2019\/12\/Francois-Burgher-photos-photographies-images-pictures-2019-12-AIR-FRANCE-LA-PREMIERE-First-class-11.jpg 2000w, https:\/\/www.francoisburgher.fr\/app\/uploads\/2019\/12\/Francois-Burgher-photos-photographies-images-pictures-2019-12-AIR-FRANCE-LA-PREMIERE-First-class-11-768x576.jpg 768w, https:\/\/www.francoisburgher.fr\/app\/uploads\/2019\/12\/Francois-Burgher-photos-photographies-images-pictures-2019-12-AIR-FRANCE-LA-PREMIERE-First-class-11-624x468.jpg 624w\" sizes=\"auto, (max-width: 2000px) 100vw, 2000px\" \/><\/a>[\/vc_column_text][\/vc_column][vc_column width=&#8221;1\/2&#8243;][vc_column_text]<a href=\"https:\/\/www.francoisburgher.fr\/app\/uploads\/2019\/12\/Francois-Burgher-photos-photographies-images-pictures-2019-12-AIR-FRANCE-LA-PREMIERE-First-class-30.jpg\"><img loading=\"lazy\" decoding=\"async\" class=\"aligncenter wp-image-5902 size-full\" src=\"https:\/\/www.francoisburgher.fr\/app\/uploads\/2019\/12\/Francois-Burgher-photos-photographies-images-pictures-2019-12-AIR-FRANCE-LA-PREMIERE-First-class-30.jpg\" alt=\"\" width=\"2000\" height=\"1463\" srcset=\"https:\/\/www.francoisburgher.fr\/app\/uploads\/2019\/12\/Francois-Burgher-photos-photographies-images-pictures-2019-12-AIR-FRANCE-LA-PREMIERE-First-class-30.jpg 2000w, https:\/\/www.francoisburgher.fr\/app\/uploads\/2019\/12\/Francois-Burgher-photos-photographies-images-pictures-2019-12-AIR-FRANCE-LA-PREMIERE-First-class-30-768x562.jpg 768w, https:\/\/www.francoisburgher.fr\/app\/uploads\/2019\/12\/Francois-Burgher-photos-photographies-images-pictures-2019-12-AIR-FRANCE-LA-PREMIERE-First-class-30-624x456.jpg 624w\" sizes=\"auto, (max-width: 2000px) 100vw, 2000px\" \/><\/a>[\/vc_column_text][\/vc_column][\/vc_row][vc_row][vc_column][vc_column_text]<\/p>\n<p style=\"text-align: left;\">Without forgetting the delicacy of the desserts&#8230;<\/p>\n<p>&nbsp;<\/p>\n<p style=\"text-align: center;\"><a href=\"https:\/\/www.francoisburgher.fr\/app\/uploads\/2019\/12\/Francois-Burgher-photos-photographies-images-pictures-AIR-FRANCE-LA-PREMIERE-2019-12-FISRT-CLASS-98-1.jpg\"><img loading=\"lazy\" decoding=\"async\" class=\"aligncenter wp-image-5923 size-full\" src=\"https:\/\/www.francoisburgher.fr\/app\/uploads\/2019\/12\/Francois-Burgher-photos-photographies-images-pictures-AIR-FRANCE-LA-PREMIERE-2019-12-FISRT-CLASS-98-1.jpg\" alt=\"\" width=\"1500\" height=\"2000\" srcset=\"https:\/\/www.francoisburgher.fr\/app\/uploads\/2019\/12\/Francois-Burgher-photos-photographies-images-pictures-AIR-FRANCE-LA-PREMIERE-2019-12-FISRT-CLASS-98-1.jpg 1500w, https:\/\/www.francoisburgher.fr\/app\/uploads\/2019\/12\/Francois-Burgher-photos-photographies-images-pictures-AIR-FRANCE-LA-PREMIERE-2019-12-FISRT-CLASS-98-1-768x1024.jpg 768w, https:\/\/www.francoisburgher.fr\/app\/uploads\/2019\/12\/Francois-Burgher-photos-photographies-images-pictures-AIR-FRANCE-LA-PREMIERE-2019-12-FISRT-CLASS-98-1-624x832.jpg 624w\" sizes=\"auto, (max-width: 1500px) 100vw, 1500px\" \/><\/a><\/p>\n<p>[\/vc_column_text][\/vc_column][\/vc_row][vc_row][vc_column][vc_column_text]Then, the hours turning, the magic will again operate with the preparation of the rest time to pleasantly cut the 11 hours of the flight.<\/p>\n<p>As we are, on this trip the only two passengers in this class, we will be able to benefit, in addition to our &#8220;cruise seats&#8221;, to use the two other vacant side spaces as an additional and specific sleeping area, along 4 contiguous windows.<\/p>\n<p>&nbsp;<\/p>\n<p style=\"text-align: left;\">It needs, at least, two people to bring the mattresses and pillows, unfold the large duvets and prepare a real bed!<\/p>\n<p>[\/vc_column_text][\/vc_column][\/vc_row][vc_row][vc_column width=&#8221;1\/3&#8243;][vc_column_text]<a href=\"https:\/\/www.francoisburgher.fr\/app\/uploads\/2019\/12\/Francois-Burgher-photos-photographies-images-pictures-SAO-PAULO-BRAZIL-BRESIL-2019-12-AIR-FRANCE-LA-PREMIERE-163.jpg\"><img loading=\"lazy\" decoding=\"async\" class=\"aligncenter wp-image-5849 size-full\" src=\"https:\/\/www.francoisburgher.fr\/app\/uploads\/2019\/12\/Francois-Burgher-photos-photographies-images-pictures-SAO-PAULO-BRAZIL-BRESIL-2019-12-AIR-FRANCE-LA-PREMIERE-163.jpg\" alt=\"\" width=\"2000\" height=\"1500\" srcset=\"https:\/\/www.francoisburgher.fr\/app\/uploads\/2019\/12\/Francois-Burgher-photos-photographies-images-pictures-SAO-PAULO-BRAZIL-BRESIL-2019-12-AIR-FRANCE-LA-PREMIERE-163.jpg 2000w, https:\/\/www.francoisburgher.fr\/app\/uploads\/2019\/12\/Francois-Burgher-photos-photographies-images-pictures-SAO-PAULO-BRAZIL-BRESIL-2019-12-AIR-FRANCE-LA-PREMIERE-163-768x576.jpg 768w, https:\/\/www.francoisburgher.fr\/app\/uploads\/2019\/12\/Francois-Burgher-photos-photographies-images-pictures-SAO-PAULO-BRAZIL-BRESIL-2019-12-AIR-FRANCE-LA-PREMIERE-163-624x468.jpg 624w\" sizes=\"auto, (max-width: 2000px) 100vw, 2000px\" \/><\/a><a href=\"https:\/\/www.francoisburgher.fr\/app\/uploads\/2019\/12\/Francois-Burgher-photos-photographies-images-pictures-SAO-PAULO-BRAZIL-BRESIL-2019-12-AIR-FRANCE-LA-PREMIERE-167.jpg\"><img loading=\"lazy\" decoding=\"async\" class=\"aligncenter wp-image-5855 size-full\" src=\"https:\/\/www.francoisburgher.fr\/app\/uploads\/2019\/12\/Francois-Burgher-photos-photographies-images-pictures-SAO-PAULO-BRAZIL-BRESIL-2019-12-AIR-FRANCE-LA-PREMIERE-167.jpg\" alt=\"\" width=\"2000\" height=\"1500\" srcset=\"https:\/\/www.francoisburgher.fr\/app\/uploads\/2019\/12\/Francois-Burgher-photos-photographies-images-pictures-SAO-PAULO-BRAZIL-BRESIL-2019-12-AIR-FRANCE-LA-PREMIERE-167.jpg 2000w, https:\/\/www.francoisburgher.fr\/app\/uploads\/2019\/12\/Francois-Burgher-photos-photographies-images-pictures-SAO-PAULO-BRAZIL-BRESIL-2019-12-AIR-FRANCE-LA-PREMIERE-167-768x576.jpg 768w, https:\/\/www.francoisburgher.fr\/app\/uploads\/2019\/12\/Francois-Burgher-photos-photographies-images-pictures-SAO-PAULO-BRAZIL-BRESIL-2019-12-AIR-FRANCE-LA-PREMIERE-167-624x468.jpg 624w\" sizes=\"auto, (max-width: 2000px) 100vw, 2000px\" \/><\/a>[\/vc_column_text][\/vc_column][vc_column width=&#8221;1\/3&#8243;][vc_column_text]<a href=\"https:\/\/www.francoisburgher.fr\/app\/uploads\/2019\/12\/Francois-Burgher-photos-photographies-images-pictures-SAO-PAULO-BRAZIL-BRESIL-2019-12-AIR-FRANCE-LA-PREMIERE-164.jpg\"><img loading=\"lazy\" decoding=\"async\" class=\"alignnone wp-image-5851 size-full\" src=\"https:\/\/www.francoisburgher.fr\/app\/uploads\/2019\/12\/Francois-Burgher-photos-photographies-images-pictures-SAO-PAULO-BRAZIL-BRESIL-2019-12-AIR-FRANCE-LA-PREMIERE-164.jpg\" alt=\"\" width=\"2000\" height=\"1500\" srcset=\"https:\/\/www.francoisburgher.fr\/app\/uploads\/2019\/12\/Francois-Burgher-photos-photographies-images-pictures-SAO-PAULO-BRAZIL-BRESIL-2019-12-AIR-FRANCE-LA-PREMIERE-164.jpg 2000w, https:\/\/www.francoisburgher.fr\/app\/uploads\/2019\/12\/Francois-Burgher-photos-photographies-images-pictures-SAO-PAULO-BRAZIL-BRESIL-2019-12-AIR-FRANCE-LA-PREMIERE-164-768x576.jpg 768w, https:\/\/www.francoisburgher.fr\/app\/uploads\/2019\/12\/Francois-Burgher-photos-photographies-images-pictures-SAO-PAULO-BRAZIL-BRESIL-2019-12-AIR-FRANCE-LA-PREMIERE-164-624x468.jpg 624w\" sizes=\"auto, (max-width: 2000px) 100vw, 2000px\" \/><\/a><a href=\"https:\/\/www.francoisburgher.fr\/app\/uploads\/2019\/12\/Francois-Burgher-photos-photographies-images-pictures-SAO-PAULO-BRAZIL-BRESIL-2019-12-AIR-FRANCE-LA-PREMIERE-169.jpg\"><img loading=\"lazy\" decoding=\"async\" class=\"aligncenter wp-image-5859 size-full\" src=\"https:\/\/www.francoisburgher.fr\/app\/uploads\/2019\/12\/Francois-Burgher-photos-photographies-images-pictures-SAO-PAULO-BRAZIL-BRESIL-2019-12-AIR-FRANCE-LA-PREMIERE-169.jpg\" alt=\"\" width=\"2000\" height=\"1500\" srcset=\"https:\/\/www.francoisburgher.fr\/app\/uploads\/2019\/12\/Francois-Burgher-photos-photographies-images-pictures-SAO-PAULO-BRAZIL-BRESIL-2019-12-AIR-FRANCE-LA-PREMIERE-169.jpg 2000w, https:\/\/www.francoisburgher.fr\/app\/uploads\/2019\/12\/Francois-Burgher-photos-photographies-images-pictures-SAO-PAULO-BRAZIL-BRESIL-2019-12-AIR-FRANCE-LA-PREMIERE-169-768x576.jpg 768w, https:\/\/www.francoisburgher.fr\/app\/uploads\/2019\/12\/Francois-Burgher-photos-photographies-images-pictures-SAO-PAULO-BRAZIL-BRESIL-2019-12-AIR-FRANCE-LA-PREMIERE-169-624x468.jpg 624w\" sizes=\"auto, (max-width: 2000px) 100vw, 2000px\" \/><\/a>[\/vc_column_text][\/vc_column][vc_column width=&#8221;1\/3&#8243;][vc_column_text]<\/p>\n<p style=\"text-align: center;\"><a href=\"https:\/\/www.francoisburgher.fr\/app\/uploads\/2019\/12\/Francois-Burgher-photos-photographies-images-pictures-SAO-PAULO-BRAZIL-BRESIL-2019-12-AIR-FRANCE-LA-PREMIERE-165.jpg\"><img loading=\"lazy\" decoding=\"async\" class=\"alignnone wp-image-5853 size-full\" src=\"https:\/\/www.francoisburgher.fr\/app\/uploads\/2019\/12\/Francois-Burgher-photos-photographies-images-pictures-SAO-PAULO-BRAZIL-BRESIL-2019-12-AIR-FRANCE-LA-PREMIERE-165.jpg\" alt=\"\" width=\"2000\" height=\"1500\" srcset=\"https:\/\/www.francoisburgher.fr\/app\/uploads\/2019\/12\/Francois-Burgher-photos-photographies-images-pictures-SAO-PAULO-BRAZIL-BRESIL-2019-12-AIR-FRANCE-LA-PREMIERE-165.jpg 2000w, https:\/\/www.francoisburgher.fr\/app\/uploads\/2019\/12\/Francois-Burgher-photos-photographies-images-pictures-SAO-PAULO-BRAZIL-BRESIL-2019-12-AIR-FRANCE-LA-PREMIERE-165-768x576.jpg 768w, https:\/\/www.francoisburgher.fr\/app\/uploads\/2019\/12\/Francois-Burgher-photos-photographies-images-pictures-SAO-PAULO-BRAZIL-BRESIL-2019-12-AIR-FRANCE-LA-PREMIERE-165-624x468.jpg 624w\" sizes=\"auto, (max-width: 2000px) 100vw, 2000px\" \/><\/a><a href=\"https:\/\/www.francoisburgher.fr\/app\/uploads\/2019\/12\/Francois-Burgher-photos-photographies-images-pictures-SAO-PAULO-BRAZIL-BRESIL-2019-12-AIR-FRANCE-LA-PREMIERE-170.jpg\"><img loading=\"lazy\" decoding=\"async\" class=\"aligncenter wp-image-5861 size-full\" src=\"https:\/\/www.francoisburgher.fr\/app\/uploads\/2019\/12\/Francois-Burgher-photos-photographies-images-pictures-SAO-PAULO-BRAZIL-BRESIL-2019-12-AIR-FRANCE-LA-PREMIERE-170.jpg\" alt=\"\" width=\"2000\" height=\"1500\" srcset=\"https:\/\/www.francoisburgher.fr\/app\/uploads\/2019\/12\/Francois-Burgher-photos-photographies-images-pictures-SAO-PAULO-BRAZIL-BRESIL-2019-12-AIR-FRANCE-LA-PREMIERE-170.jpg 2000w, https:\/\/www.francoisburgher.fr\/app\/uploads\/2019\/12\/Francois-Burgher-photos-photographies-images-pictures-SAO-PAULO-BRAZIL-BRESIL-2019-12-AIR-FRANCE-LA-PREMIERE-170-768x576.jpg 768w, https:\/\/www.francoisburgher.fr\/app\/uploads\/2019\/12\/Francois-Burgher-photos-photographies-images-pictures-SAO-PAULO-BRAZIL-BRESIL-2019-12-AIR-FRANCE-LA-PREMIERE-170-624x468.jpg 624w\" sizes=\"auto, (max-width: 2000px) 100vw, 2000px\" \/><\/a><\/p>\n<p>[\/vc_column_text][\/vc_column][\/vc_row][vc_row][vc_column][vc_column_text]<\/p>\n<p style=\"text-align: left;\">The cocoon will be able to close with large floor-ceiling draperies isolating us from each of the aisle.<\/p>\n<p>[\/vc_column_text][\/vc_column][\/vc_row][vc_row][vc_column width=&#8221;1\/2&#8243;][vc_column_text]<a href=\"https:\/\/www.francoisburgher.fr\/app\/uploads\/2019\/12\/Francois-Burgher-photos-photographies-images-pictures-2019-12-AIR-FRANCE-LA-PREMIERE-First-class-38.jpg\"><img loading=\"lazy\" decoding=\"async\" class=\"aligncenter wp-image-5914 size-full\" src=\"https:\/\/www.francoisburgher.fr\/app\/uploads\/2019\/12\/Francois-Burgher-photos-photographies-images-pictures-2019-12-AIR-FRANCE-LA-PREMIERE-First-class-38.jpg\" alt=\"\" width=\"1500\" height=\"2000\" srcset=\"https:\/\/www.francoisburgher.fr\/app\/uploads\/2019\/12\/Francois-Burgher-photos-photographies-images-pictures-2019-12-AIR-FRANCE-LA-PREMIERE-First-class-38.jpg 1500w, https:\/\/www.francoisburgher.fr\/app\/uploads\/2019\/12\/Francois-Burgher-photos-photographies-images-pictures-2019-12-AIR-FRANCE-LA-PREMIERE-First-class-38-768x1024.jpg 768w, https:\/\/www.francoisburgher.fr\/app\/uploads\/2019\/12\/Francois-Burgher-photos-photographies-images-pictures-2019-12-AIR-FRANCE-LA-PREMIERE-First-class-38-624x832.jpg 624w\" sizes=\"auto, (max-width: 1500px) 100vw, 1500px\" \/><\/a>[\/vc_column_text][\/vc_column][vc_column width=&#8221;1\/2&#8243;][vc_column_text]<a href=\"https:\/\/www.francoisburgher.fr\/app\/uploads\/2019\/12\/Francois-Burgher-photos-photographies-images-pictures-AIR-FRANCE-LA-PREMIERE-2019-12-FISRT-CLASS-103.jpg\"><img loading=\"lazy\" decoding=\"async\" class=\"aligncenter wp-image-5827 size-full\" src=\"https:\/\/www.francoisburgher.fr\/app\/uploads\/2019\/12\/Francois-Burgher-photos-photographies-images-pictures-AIR-FRANCE-LA-PREMIERE-2019-12-FISRT-CLASS-103.jpg\" alt=\"\" width=\"1500\" height=\"2000\" srcset=\"https:\/\/www.francoisburgher.fr\/app\/uploads\/2019\/12\/Francois-Burgher-photos-photographies-images-pictures-AIR-FRANCE-LA-PREMIERE-2019-12-FISRT-CLASS-103.jpg 1500w, https:\/\/www.francoisburgher.fr\/app\/uploads\/2019\/12\/Francois-Burgher-photos-photographies-images-pictures-AIR-FRANCE-LA-PREMIERE-2019-12-FISRT-CLASS-103-768x1024.jpg 768w, https:\/\/www.francoisburgher.fr\/app\/uploads\/2019\/12\/Francois-Burgher-photos-photographies-images-pictures-AIR-FRANCE-LA-PREMIERE-2019-12-FISRT-CLASS-103-624x832.jpg 624w\" sizes=\"auto, (max-width: 1500px) 100vw, 1500px\" \/><\/a>[\/vc_column_text][\/vc_column][\/vc_row][vc_row][vc_column][vc_column_text]Put on our pajamas and take a long rest in peace, at the front of the plane, far from the wings and above all from the engines\u2026<\/p>\n<p>Sweet awakening after 5.30 am of deep sleep &#8230;<\/p>\n<p>To serve one last snack &#8230; before landing in Guarulhos.<\/p>\n<p>The dream ends &#8230; We will descend back to earth, for once with regret &#8230;<\/p>\n<p>But there will remain the pleasure to be renewed during the return flight !!!!![\/vc_column_text][\/vc_column][\/vc_row][vc_row][vc_column][vc_column_text]<a href=\"https:\/\/www.francoisburgher.fr\/app\/uploads\/2019\/12\/Francois-Burgher-photos-photographies-images-pictures-SAO-PAULO-BRAZIL-BRESIL-2019-12-AIR-FRANCE-LA-PREMIERE-142.jpg\"><img loading=\"lazy\" decoding=\"async\" class=\"aligncenter wp-image-5843 size-full\" src=\"https:\/\/www.francoisburgher.fr\/app\/uploads\/2019\/12\/Francois-Burgher-photos-photographies-images-pictures-SAO-PAULO-BRAZIL-BRESIL-2019-12-AIR-FRANCE-LA-PREMIERE-142.jpg\" alt=\"\" width=\"2000\" height=\"850\" srcset=\"https:\/\/www.francoisburgher.fr\/app\/uploads\/2019\/12\/Francois-Burgher-photos-photographies-images-pictures-SAO-PAULO-BRAZIL-BRESIL-2019-12-AIR-FRANCE-LA-PREMIERE-142.jpg 2000w, https:\/\/www.francoisburgher.fr\/app\/uploads\/2019\/12\/Francois-Burgher-photos-photographies-images-pictures-SAO-PAULO-BRAZIL-BRESIL-2019-12-AIR-FRANCE-LA-PREMIERE-142-768x326.jpg 768w, https:\/\/www.francoisburgher.fr\/app\/uploads\/2019\/12\/Francois-Burgher-photos-photographies-images-pictures-SAO-PAULO-BRAZIL-BRESIL-2019-12-AIR-FRANCE-LA-PREMIERE-142-624x265.jpg 624w\" sizes=\"auto, (max-width: 2000px) 100vw, 2000px\" \/><\/a>[\/vc_column_text][\/vc_column][\/vc_row]<\/p>\n<\/div>","protected":false},"excerpt":{"rendered":"<p>[vc_row][vc_column][vc_column_text] &nbsp; AIR France\u00a0\u00ab\u00a0La Premi\u00e8re\u00a0\u00bb A truly exceptional experience &nbsp; &nbsp; An opportunity to upgrade to the check-in counter for this professional trip to Sao Paulo, Brazil, and we pass, like &#8220;Alice in Wonderland&#8221;, on the other side of the mirror, in another dimension, a parallel universe, isolated from other travelers, in a private cabin [&hellip;]<\/p>\n","protected":false},"author":2,"featured_media":5935,"comment_status":"open","ping_status":"open","sticky":false,"template":"","format":"standard","meta":{"_acf_changed":false,"footnotes":""},"categories":[9],"tags":[],"class_list":["post-5941","post","type-post","status-publish","format-standard","has-post-thumbnail","hentry","category-uncategorized"],"acf":[],"yoast_head":"<!-- This site is optimized with the Yoast SEO plugin v27.3 - https:\/\/yoast.com\/product\/yoast-seo-wordpress\/ -->\n<title>AIIR FRANCE 2019\/12 - Fran\u00e7ois Burgher<\/title>\n<meta name=\"robots\" content=\"index, follow, max-snippet:-1, max-image-preview:large, max-video-preview:-1\" \/>\n<link rel=\"canonical\" href=\"https:\/\/www.francoisburgher.fr\/en\/la-photo-du-jour-lpdj-malaisie-novembre-2019\/\" \/>\n<meta property=\"og:locale\" content=\"en_US\" \/>\n<meta property=\"og:type\" content=\"article\" \/>\n<meta property=\"og:title\" content=\"AIIR FRANCE 2019\/12 - Fran\u00e7ois Burgher\" \/>\n<meta property=\"og:description\" content=\"[vc_row][vc_column][vc_column_text] &nbsp; AIR France\u00a0\u00ab\u00a0La Premi\u00e8re\u00a0\u00bb A truly exceptional experience &nbsp; &nbsp; An opportunity to upgrade to the check-in counter for this professional trip to Sao Paulo, Brazil, and we pass, like &#8220;Alice in Wonderland&#8221;, on the other side of the mirror, in another dimension, a parallel universe, isolated from other travelers, in a private cabin [&hellip;]\" \/>\n<meta property=\"og:url\" content=\"https:\/\/www.francoisburgher.fr\/en\/la-photo-du-jour-lpdj-malaisie-novembre-2019\/\" \/>\n<meta property=\"og:site_name\" content=\"Fran\u00e7ois Burgher\" \/>\n<meta property=\"article:published_time\" content=\"2019-12-30T20:53:25+00:00\" \/>\n<meta property=\"article:modified_time\" content=\"2020-01-18T10:48:37+00:00\" \/>\n<meta property=\"og:image\" content=\"https:\/\/www.francoisburgher.fr\/app\/uploads\/2019\/12\/Francois-Burgher-photos-photographies-images-pictures-2019-12-AIR-FRANCE-LA-PREMIERE-In-First-class-35.jpg\" \/>\n\t<meta property=\"og:image:width\" content=\"2000\" \/>\n\t<meta property=\"og:image:height\" content=\"914\" \/>\n\t<meta property=\"og:image:type\" content=\"image\/jpeg\" \/>\n<meta name=\"author\" content=\"Fran\u00e7ois Burgher\" \/>\n<meta name=\"twitter:card\" content=\"summary_large_image\" \/>\n<meta name=\"twitter:label1\" content=\"Written by\" \/>\n\t<meta name=\"twitter:data1\" content=\"Fran\u00e7ois Burgher\" \/>\n\t<meta name=\"twitter:label2\" content=\"Est. reading time\" \/>\n\t<meta name=\"twitter:data2\" content=\"7 minutes\" \/>\n<script type=\"application\/ld+json\" class=\"yoast-schema-graph\">{\"@context\":\"https:\\\/\\\/schema.org\",\"@graph\":[{\"@type\":\"Article\",\"@id\":\"https:\\\/\\\/www.francoisburgher.fr\\\/en\\\/la-photo-du-jour-lpdj-malaisie-novembre-2019\\\/#article\",\"isPartOf\":{\"@id\":\"https:\\\/\\\/www.francoisburgher.fr\\\/en\\\/la-photo-du-jour-lpdj-malaisie-novembre-2019\\\/\"},\"author\":{\"name\":\"Fran\u00e7ois Burgher\",\"@id\":\"https:\\\/\\\/www.francoisburgher.fr\\\/fr\\\/#\\\/schema\\\/person\\\/5df89688ef756ef4adad8dfa739d18a1\"},\"headline\":\"AIIR FRANCE 2019\\\/12\",\"datePublished\":\"2019-12-30T20:53:25+00:00\",\"dateModified\":\"2020-01-18T10:48:37+00:00\",\"mainEntityOfPage\":{\"@id\":\"https:\\\/\\\/www.francoisburgher.fr\\\/en\\\/la-photo-du-jour-lpdj-malaisie-novembre-2019\\\/\"},\"wordCount\":1320,\"commentCount\":0,\"image\":{\"@id\":\"https:\\\/\\\/www.francoisburgher.fr\\\/en\\\/la-photo-du-jour-lpdj-malaisie-novembre-2019\\\/#primaryimage\"},\"thumbnailUrl\":\"https:\\\/\\\/www.francoisburgher.fr\\\/app\\\/uploads\\\/2019\\\/12\\\/Francois-Burgher-photos-photographies-images-pictures-2019-12-AIR-FRANCE-LA-PREMIERE-In-First-class-35.jpg\",\"inLanguage\":\"en-US\",\"potentialAction\":[{\"@type\":\"CommentAction\",\"name\":\"Comment\",\"target\":[\"https:\\\/\\\/www.francoisburgher.fr\\\/en\\\/la-photo-du-jour-lpdj-malaisie-novembre-2019\\\/#respond\"]}]},{\"@type\":\"WebPage\",\"@id\":\"https:\\\/\\\/www.francoisburgher.fr\\\/en\\\/la-photo-du-jour-lpdj-malaisie-novembre-2019\\\/\",\"url\":\"https:\\\/\\\/www.francoisburgher.fr\\\/en\\\/la-photo-du-jour-lpdj-malaisie-novembre-2019\\\/\",\"name\":\"AIIR FRANCE 2019\\\/12 - Fran\u00e7ois Burgher\",\"isPartOf\":{\"@id\":\"https:\\\/\\\/www.francoisburgher.fr\\\/fr\\\/#website\"},\"primaryImageOfPage\":{\"@id\":\"https:\\\/\\\/www.francoisburgher.fr\\\/en\\\/la-photo-du-jour-lpdj-malaisie-novembre-2019\\\/#primaryimage\"},\"image\":{\"@id\":\"https:\\\/\\\/www.francoisburgher.fr\\\/en\\\/la-photo-du-jour-lpdj-malaisie-novembre-2019\\\/#primaryimage\"},\"thumbnailUrl\":\"https:\\\/\\\/www.francoisburgher.fr\\\/app\\\/uploads\\\/2019\\\/12\\\/Francois-Burgher-photos-photographies-images-pictures-2019-12-AIR-FRANCE-LA-PREMIERE-In-First-class-35.jpg\",\"datePublished\":\"2019-12-30T20:53:25+00:00\",\"dateModified\":\"2020-01-18T10:48:37+00:00\",\"author\":{\"@id\":\"https:\\\/\\\/www.francoisburgher.fr\\\/fr\\\/#\\\/schema\\\/person\\\/5df89688ef756ef4adad8dfa739d18a1\"},\"breadcrumb\":{\"@id\":\"https:\\\/\\\/www.francoisburgher.fr\\\/en\\\/la-photo-du-jour-lpdj-malaisie-novembre-2019\\\/#breadcrumb\"},\"inLanguage\":\"en-US\",\"potentialAction\":[{\"@type\":\"ReadAction\",\"target\":[\"https:\\\/\\\/www.francoisburgher.fr\\\/en\\\/la-photo-du-jour-lpdj-malaisie-novembre-2019\\\/\"]}]},{\"@type\":\"ImageObject\",\"inLanguage\":\"en-US\",\"@id\":\"https:\\\/\\\/www.francoisburgher.fr\\\/en\\\/la-photo-du-jour-lpdj-malaisie-novembre-2019\\\/#primaryimage\",\"url\":\"https:\\\/\\\/www.francoisburgher.fr\\\/app\\\/uploads\\\/2019\\\/12\\\/Francois-Burgher-photos-photographies-images-pictures-2019-12-AIR-FRANCE-LA-PREMIERE-In-First-class-35.jpg\",\"contentUrl\":\"https:\\\/\\\/www.francoisburgher.fr\\\/app\\\/uploads\\\/2019\\\/12\\\/Francois-Burgher-photos-photographies-images-pictures-2019-12-AIR-FRANCE-LA-PREMIERE-In-First-class-35.jpg\",\"width\":2000,\"height\":914},{\"@type\":\"BreadcrumbList\",\"@id\":\"https:\\\/\\\/www.francoisburgher.fr\\\/en\\\/la-photo-du-jour-lpdj-malaisie-novembre-2019\\\/#breadcrumb\",\"itemListElement\":[{\"@type\":\"ListItem\",\"position\":1,\"name\":\"Home\",\"item\":\"https:\\\/\\\/www.francoisburgher.fr\\\/en\\\/\"},{\"@type\":\"ListItem\",\"position\":2,\"name\":\"AIIR FRANCE 2019\\\/12\"}]},{\"@type\":\"WebSite\",\"@id\":\"https:\\\/\\\/www.francoisburgher.fr\\\/fr\\\/#website\",\"url\":\"https:\\\/\\\/www.francoisburgher.fr\\\/fr\\\/\",\"name\":\"Fran\u00e7ois Burgher\",\"description\":\"Un site utilisant WordPress\",\"potentialAction\":[{\"@type\":\"SearchAction\",\"target\":{\"@type\":\"EntryPoint\",\"urlTemplate\":\"https:\\\/\\\/www.francoisburgher.fr\\\/fr\\\/?s={search_term_string}\"},\"query-input\":{\"@type\":\"PropertyValueSpecification\",\"valueRequired\":true,\"valueName\":\"search_term_string\"}}],\"inLanguage\":\"en-US\"},{\"@type\":\"Person\",\"@id\":\"https:\\\/\\\/www.francoisburgher.fr\\\/fr\\\/#\\\/schema\\\/person\\\/5df89688ef756ef4adad8dfa739d18a1\",\"name\":\"Fran\u00e7ois Burgher\",\"image\":{\"@type\":\"ImageObject\",\"inLanguage\":\"en-US\",\"@id\":\"https:\\\/\\\/secure.gravatar.com\\\/avatar\\\/57f3b3fa295ca58495dea842025ad1c3a87035605115e3c619c5ed9a35145a24?s=96&d=mm&r=g\",\"url\":\"https:\\\/\\\/secure.gravatar.com\\\/avatar\\\/57f3b3fa295ca58495dea842025ad1c3a87035605115e3c619c5ed9a35145a24?s=96&d=mm&r=g\",\"contentUrl\":\"https:\\\/\\\/secure.gravatar.com\\\/avatar\\\/57f3b3fa295ca58495dea842025ad1c3a87035605115e3c619c5ed9a35145a24?s=96&d=mm&r=g\",\"caption\":\"Fran\u00e7ois Burgher\"}}]}<\/script>\n<!-- \/ Yoast SEO plugin. -->","yoast_head_json":{"title":"AIIR FRANCE 2019\/12 - Fran\u00e7ois Burgher","robots":{"index":"index","follow":"follow","max-snippet":"max-snippet:-1","max-image-preview":"max-image-preview:large","max-video-preview":"max-video-preview:-1"},"canonical":"https:\/\/www.francoisburgher.fr\/en\/la-photo-du-jour-lpdj-malaisie-novembre-2019\/","og_locale":"en_US","og_type":"article","og_title":"AIIR FRANCE 2019\/12 - Fran\u00e7ois Burgher","og_description":"[vc_row][vc_column][vc_column_text] &nbsp; AIR France\u00a0\u00ab\u00a0La Premi\u00e8re\u00a0\u00bb A truly exceptional experience &nbsp; &nbsp; An opportunity to upgrade to the check-in counter for this professional trip to Sao Paulo, Brazil, and we pass, like &#8220;Alice in Wonderland&#8221;, on the other side of the mirror, in another dimension, a parallel universe, isolated from other travelers, in a private cabin [&hellip;]","og_url":"https:\/\/www.francoisburgher.fr\/en\/la-photo-du-jour-lpdj-malaisie-novembre-2019\/","og_site_name":"Fran\u00e7ois Burgher","article_published_time":"2019-12-30T20:53:25+00:00","article_modified_time":"2020-01-18T10:48:37+00:00","og_image":[{"width":2000,"height":914,"url":"https:\/\/www.francoisburgher.fr\/app\/uploads\/2019\/12\/Francois-Burgher-photos-photographies-images-pictures-2019-12-AIR-FRANCE-LA-PREMIERE-In-First-class-35.jpg","type":"image\/jpeg"}],"author":"Fran\u00e7ois Burgher","twitter_card":"summary_large_image","twitter_misc":{"Written by":"Fran\u00e7ois Burgher","Est. reading time":"7 minutes"},"schema":{"@context":"https:\/\/schema.org","@graph":[{"@type":"Article","@id":"https:\/\/www.francoisburgher.fr\/en\/la-photo-du-jour-lpdj-malaisie-novembre-2019\/#article","isPartOf":{"@id":"https:\/\/www.francoisburgher.fr\/en\/la-photo-du-jour-lpdj-malaisie-novembre-2019\/"},"author":{"name":"Fran\u00e7ois Burgher","@id":"https:\/\/www.francoisburgher.fr\/fr\/#\/schema\/person\/5df89688ef756ef4adad8dfa739d18a1"},"headline":"AIIR FRANCE 2019\/12","datePublished":"2019-12-30T20:53:25+00:00","dateModified":"2020-01-18T10:48:37+00:00","mainEntityOfPage":{"@id":"https:\/\/www.francoisburgher.fr\/en\/la-photo-du-jour-lpdj-malaisie-novembre-2019\/"},"wordCount":1320,"commentCount":0,"image":{"@id":"https:\/\/www.francoisburgher.fr\/en\/la-photo-du-jour-lpdj-malaisie-novembre-2019\/#primaryimage"},"thumbnailUrl":"https:\/\/www.francoisburgher.fr\/app\/uploads\/2019\/12\/Francois-Burgher-photos-photographies-images-pictures-2019-12-AIR-FRANCE-LA-PREMIERE-In-First-class-35.jpg","inLanguage":"en-US","potentialAction":[{"@type":"CommentAction","name":"Comment","target":["https:\/\/www.francoisburgher.fr\/en\/la-photo-du-jour-lpdj-malaisie-novembre-2019\/#respond"]}]},{"@type":"WebPage","@id":"https:\/\/www.francoisburgher.fr\/en\/la-photo-du-jour-lpdj-malaisie-novembre-2019\/","url":"https:\/\/www.francoisburgher.fr\/en\/la-photo-du-jour-lpdj-malaisie-novembre-2019\/","name":"AIIR FRANCE 2019\/12 - Fran\u00e7ois Burgher","isPartOf":{"@id":"https:\/\/www.francoisburgher.fr\/fr\/#website"},"primaryImageOfPage":{"@id":"https:\/\/www.francoisburgher.fr\/en\/la-photo-du-jour-lpdj-malaisie-novembre-2019\/#primaryimage"},"image":{"@id":"https:\/\/www.francoisburgher.fr\/en\/la-photo-du-jour-lpdj-malaisie-novembre-2019\/#primaryimage"},"thumbnailUrl":"https:\/\/www.francoisburgher.fr\/app\/uploads\/2019\/12\/Francois-Burgher-photos-photographies-images-pictures-2019-12-AIR-FRANCE-LA-PREMIERE-In-First-class-35.jpg","datePublished":"2019-12-30T20:53:25+00:00","dateModified":"2020-01-18T10:48:37+00:00","author":{"@id":"https:\/\/www.francoisburgher.fr\/fr\/#\/schema\/person\/5df89688ef756ef4adad8dfa739d18a1"},"breadcrumb":{"@id":"https:\/\/www.francoisburgher.fr\/en\/la-photo-du-jour-lpdj-malaisie-novembre-2019\/#breadcrumb"},"inLanguage":"en-US","potentialAction":[{"@type":"ReadAction","target":["https:\/\/www.francoisburgher.fr\/en\/la-photo-du-jour-lpdj-malaisie-novembre-2019\/"]}]},{"@type":"ImageObject","inLanguage":"en-US","@id":"https:\/\/www.francoisburgher.fr\/en\/la-photo-du-jour-lpdj-malaisie-novembre-2019\/#primaryimage","url":"https:\/\/www.francoisburgher.fr\/app\/uploads\/2019\/12\/Francois-Burgher-photos-photographies-images-pictures-2019-12-AIR-FRANCE-LA-PREMIERE-In-First-class-35.jpg","contentUrl":"https:\/\/www.francoisburgher.fr\/app\/uploads\/2019\/12\/Francois-Burgher-photos-photographies-images-pictures-2019-12-AIR-FRANCE-LA-PREMIERE-In-First-class-35.jpg","width":2000,"height":914},{"@type":"BreadcrumbList","@id":"https:\/\/www.francoisburgher.fr\/en\/la-photo-du-jour-lpdj-malaisie-novembre-2019\/#breadcrumb","itemListElement":[{"@type":"ListItem","position":1,"name":"Home","item":"https:\/\/www.francoisburgher.fr\/en\/"},{"@type":"ListItem","position":2,"name":"AIIR FRANCE 2019\/12"}]},{"@type":"WebSite","@id":"https:\/\/www.francoisburgher.fr\/fr\/#website","url":"https:\/\/www.francoisburgher.fr\/fr\/","name":"Fran\u00e7ois Burgher","description":"Un site utilisant WordPress","potentialAction":[{"@type":"SearchAction","target":{"@type":"EntryPoint","urlTemplate":"https:\/\/www.francoisburgher.fr\/fr\/?s={search_term_string}"},"query-input":{"@type":"PropertyValueSpecification","valueRequired":true,"valueName":"search_term_string"}}],"inLanguage":"en-US"},{"@type":"Person","@id":"https:\/\/www.francoisburgher.fr\/fr\/#\/schema\/person\/5df89688ef756ef4adad8dfa739d18a1","name":"Fran\u00e7ois Burgher","image":{"@type":"ImageObject","inLanguage":"en-US","@id":"https:\/\/secure.gravatar.com\/avatar\/57f3b3fa295ca58495dea842025ad1c3a87035605115e3c619c5ed9a35145a24?s=96&d=mm&r=g","url":"https:\/\/secure.gravatar.com\/avatar\/57f3b3fa295ca58495dea842025ad1c3a87035605115e3c619c5ed9a35145a24?s=96&d=mm&r=g","contentUrl":"https:\/\/secure.gravatar.com\/avatar\/57f3b3fa295ca58495dea842025ad1c3a87035605115e3c619c5ed9a35145a24?s=96&d=mm&r=g","caption":"Fran\u00e7ois Burgher"}}]}},"_links":{"self":[{"href":"https:\/\/www.francoisburgher.fr\/en\/wp-json\/wp\/v2\/posts\/5941","targetHints":{"allow":["GET"]}}],"collection":[{"href":"https:\/\/www.francoisburgher.fr\/en\/wp-json\/wp\/v2\/posts"}],"about":[{"href":"https:\/\/www.francoisburgher.fr\/en\/wp-json\/wp\/v2\/types\/post"}],"author":[{"embeddable":true,"href":"https:\/\/www.francoisburgher.fr\/en\/wp-json\/wp\/v2\/users\/2"}],"replies":[{"embeddable":true,"href":"https:\/\/www.francoisburgher.fr\/en\/wp-json\/wp\/v2\/comments?post=5941"}],"version-history":[{"count":5,"href":"https:\/\/www.francoisburgher.fr\/en\/wp-json\/wp\/v2\/posts\/5941\/revisions"}],"predecessor-version":[{"id":6533,"href":"https:\/\/www.francoisburgher.fr\/en\/wp-json\/wp\/v2\/posts\/5941\/revisions\/6533"}],"wp:featuredmedia":[{"embeddable":true,"href":"https:\/\/www.francoisburgher.fr\/en\/wp-json\/wp\/v2\/media\/5935"}],"wp:attachment":[{"href":"https:\/\/www.francoisburgher.fr\/en\/wp-json\/wp\/v2\/media?parent=5941"}],"wp:term":[{"taxonomy":"category","embeddable":true,"href":"https:\/\/www.francoisburgher.fr\/en\/wp-json\/wp\/v2\/categories?post=5941"},{"taxonomy":"post_tag","embeddable":true,"href":"https:\/\/www.francoisburgher.fr\/en\/wp-json\/wp\/v2\/tags?post=5941"}],"curies":[{"name":"wp","href":"https:\/\/api.w.org\/{rel}","templated":true}]}}